{"id":1405,"date":"2020-11-16T19:08:15","date_gmt":"2020-11-16T17:08:15","guid":{"rendered":"https:\/\/100playground.ro\/?p=1405"},"modified":"2020-11-29T11:48:44","modified_gmt":"2020-11-29T09:48:44","slug":"randuri-din-timpul-pandemiei","status":"publish","type":"post","link":"https:\/\/100playground.ro\/en\/randuri-din-timpul-pandemiei\/","title":{"rendered":""},"content":{"rendered":"<div data-elementor-type=\"wp-post\" data-elementor-id=\"1405\" class=\"elementor elementor-1405\">\n\t\t\t\t\t\t<section class=\"has_eae_slider elementor-section elementor-top-section elementor-element elementor-element-3f07fde elementor-section-boxed elementor-section-height-default elementor-section-height-default\" data-eae-slider=\"94595\" data-id=\"3f07fde\" data-element_type=\"section\">\n\t\t\t\t\t\t<div class=\"elementor-container elementor-column-gap-default\">\n\t\t\t\t\t<div class=\"has_eae_slider elementor-column elementor-col-100 elementor-top-column elementor-element elementor-element-47aa812\" data-eae-slider=\"12808\" data-id=\"47aa812\" data-element_type=\"column\">\n\t\t\t<div class=\"elementor-widget-wrap elementor-element-populated\">\n\t\t\t\t\t\t<div class=\"elementor-element elementor-element-f10a117 elementor-widget elementor-widget-text-editor\" data-id=\"f10a117\" data-element_type=\"widget\" data-widget_type=\"text-editor.default\">\n\t\t\t\t<div class=\"elementor-widget-container\">\n\t\t\t\t\t\t\t\t\t<p class=\"indent-para small-vertical-space\"><img fetchpriority=\"high\" decoding=\"async\" class=\"size-full wp-image-1589 aligncenter\" src=\"https:\/\/100playground.ro\/wp-content\/uploads\/2020\/11\/100playground-crop.png\" alt=\"\" width=\"995\" height=\"461\" srcset=\"https:\/\/100playground.ro\/wp-content\/uploads\/2020\/11\/100playground-crop.png 995w, https:\/\/100playground.ro\/wp-content\/uploads\/2020\/11\/100playground-crop-300x139.png 300w, https:\/\/100playground.ro\/wp-content\/uploads\/2020\/11\/100playground-crop-768x356.png 768w\" sizes=\"(max-width: 995px) 100vw, 995px\" \/><\/p><p>\u00a0<\/p><p class=\"indent-para small-vertical-space\">\u201eR\u00e2nduri din timpul pandemiei\u201d, este un proiect al Asocia\u021biei 100% Playground, care are ca scop documentarea impactului pandemiei asupra tinerilor \u0219i transformarea textelor scrise de ace\u0219tia \u00een materiale de pres\u0103. Proiectul este sus\u021binut cu sprijinul finan\u021b\u0103rii ob\u021binute \u00een cadrul programului StartONG, lansat de Kaufland Rom\u00e2nia \u0219i implementat de Asocia\u021bia Act for Tomorrow.<\/p><p class=\"indent-para small-vertical-space\">Acesta s-a derulat \u00een perioada septembrie \u2013 octombrie 2020 \u0219i s-a adresat tinerilor cu v\u00e2rste \u00eentre 14 \u0219i 35 de ani, dornici s\u0103-\u0219i \u00eemp\u0103rt\u0103\u0219easc\u0103 tr\u0103irile \u0219i perspectivele asupra perioadei de schimb\u0103ri \u0219i provoc\u0103ri pe care o travers\u0103m.<\/p><p class=\"indent-para small-vertical-space\">Scopul proiectului este de a ne conecta prin intermediul pove\u0219tilor personale \u0219i a crea o comunitate \u00een care \u00eemp\u0103rt\u0103\u0219irea experien\u021belor \u0219i comunicarea autentic\u0103 sunt \u00eencurajate \u0219i sprijinite. Proiectul atrage totodat\u0103 aten\u021bia asupra experien\u021belor \u0219i tr\u0103irilor tinerilor corelate perioadei de criz\u0103 \u0219i incertitudine din societate.<\/p><p class=\"indent-para small-vertical-space\">Urm\u0103ri\u021bi-ne aici sau pe\u00a0<a href=\"https:\/\/www.facebook.com\/100playground\" target=\"_blank\" rel=\"noopener\">pagina noastr\u0103 de Facebook<\/a>\u00a0pentru a citi \u0219i asculta pove\u0219tile a 16 tineri care au ales s\u0103 \u00ee\u0219i fac\u0103 vocea auzit\u0103.<\/p>\t\t\t\t\t\t\t\t<\/div>\n\t\t\t\t<\/div>\n\t\t\t\t<div class=\"elementor-element elementor-element-b0d1dbf elementor-widget-divider--separator-type-pattern elementor-widget-divider--view-line elementor-widget elementor-widget-divider\" data-id=\"b0d1dbf\" data-element_type=\"widget\" data-widget_type=\"divider.default\">\n\t\t\t\t<div class=\"elementor-widget-container\">\n\t\t\t\t\t\t\t<div class=\"elementor-divider\" style=\"--divider-pattern-url: url(&quot;data:image\/svg+xml,%3Csvg xmlns=&#039;http:\/\/www.w3.org\/2000\/svg&#039; preserveAspectRatio=&#039;none&#039; overflow=&#039;visible&#039; height=&#039;100%&#039; viewBox=&#039;0 0 24 24&#039; fill=&#039;none&#039; stroke=&#039;black&#039; stroke-width=&#039;1&#039; stroke-linecap=&#039;square&#039; stroke-miterlimit=&#039;10&#039;%3E%3Cpath d=&#039;M0,6c6,0,0.9,11.1,6.9,11.1S18,6,24,6&#039;\/%3E%3C\/svg%3E&quot;);\">\n\t\t\t<span class=\"elementor-divider-separator\">\n\t\t\t\t\t\t<\/span>\n\t\t<\/div>\n\t\t\t\t\t\t<\/div>\n\t\t\t\t<\/div>\n\t\t\t\t<section class=\"has_eae_slider elementor-section elementor-inner-section elementor-element elementor-element-56a8182 elementor-section-boxed elementor-section-height-default elementor-section-height-default\" data-eae-slider=\"25810\" data-id=\"56a8182\" data-element_type=\"section\">\n\t\t\t\t\t\t<div class=\"elementor-container elementor-column-gap-default\">\n\t\t\t\t\t<div class=\"has_eae_slider elementor-column elementor-col-25 elementor-inner-column elementor-element elementor-element-5bb8e0a\" data-eae-slider=\"47001\" data-id=\"5bb8e0a\" data-element_type=\"column\">\n\t\t\t<div class=\"elementor-widget-wrap elementor-element-populated\">\n\t\t\t\t\t\t<div class=\"elementor-element elementor-element-fdefba0 elementor-widget elementor-widget-image\" data-id=\"fdefba0\" data-element_type=\"widget\" data-widget_type=\"image.default\">\n\t\t\t\t<div class=\"elementor-widget-container\">\n\t\t\t\t\t\t\t\t\t\t\t\t\t\t\t<img decoding=\"async\" src=\"https:\/\/100playground.ro\/wp-content\/uploads\/elementor\/thumbs\/start_ong-oz1ct3j3kiudjwo8yhfmvu41xy0tc1isarkf1n8d8g.png\" title=\"start_ong\" alt=\"start_ong\" loading=\"lazy\" \/>\t\t\t\t\t\t\t\t\t\t\t\t\t\t\t<\/div>\n\t\t\t\t<\/div>\n\t\t\t\t\t<\/div>\n\t\t<\/div>\n\t\t\t\t<div class=\"has_eae_slider elementor-column elementor-col-25 elementor-inner-column elementor-element elementor-element-531eb93\" data-eae-slider=\"11940\" data-id=\"531eb93\" data-element_type=\"column\">\n\t\t\t<div class=\"elementor-widget-wrap elementor-element-populated\">\n\t\t\t\t\t\t<div class=\"elementor-element elementor-element-2a569c5 elementor-widget elementor-widget-image\" data-id=\"2a569c5\" data-element_type=\"widget\" data-widget_type=\"image.default\">\n\t\t\t\t<div class=\"elementor-widget-container\">\n\t\t\t\t\t\t\t\t\t\t\t\t\t\t\t<img decoding=\"async\" src=\"https:\/\/100playground.ro\/wp-content\/uploads\/elementor\/thumbs\/implicarea-face-diferenta-logo-300x158-1-oz1ctb1t374o4sdbqkonfs7qp0zr1mcmzssavux7uo.png\" title=\"implicarea-face-diferenta-logo-300&#215;158\" alt=\"implicarea-face-diferenta-logo-300x158\" loading=\"lazy\" \/>\t\t\t\t\t\t\t\t\t\t\t\t\t\t\t<\/div>\n\t\t\t\t<\/div>\n\t\t\t\t\t<\/div>\n\t\t<\/div>\n\t\t\t\t<div class=\"has_eae_slider elementor-column elementor-col-25 elementor-inner-column elementor-element elementor-element-c42b4a4\" data-eae-slider=\"36078\" data-id=\"c42b4a4\" data-element_type=\"column\">\n\t\t\t<div class=\"elementor-widget-wrap elementor-element-populated\">\n\t\t\t\t\t\t<div class=\"elementor-element elementor-element-d10e51f elementor-widget elementor-widget-image\" data-id=\"d10e51f\" data-element_type=\"widget\" data-widget_type=\"image.default\">\n\t\t\t\t<div class=\"elementor-widget-container\">\n\t\t\t\t\t\t\t\t\t\t\t\t\t\t\t<img decoding=\"async\" src=\"https:\/\/100playground.ro\/wp-content\/uploads\/elementor\/thumbs\/act-tomorrow-1-oz1ein0p1133lht9qdcsxdvi0d041gfvwo4as8og74.png\" title=\"act-tomorrow\" alt=\"act-tomorrow\" loading=\"lazy\" \/>\t\t\t\t\t\t\t\t\t\t\t\t\t\t\t<\/div>\n\t\t\t\t<\/div>\n\t\t\t\t\t<\/div>\n\t\t<\/div>\n\t\t\t\t<div class=\"has_eae_slider elementor-column elementor-col-25 elementor-inner-column elementor-element elementor-element-82c6315\" data-eae-slider=\"47068\" data-id=\"82c6315\" data-element_type=\"column\">\n\t\t\t<div class=\"elementor-widget-wrap elementor-element-populated\">\n\t\t\t\t\t\t<div class=\"elementor-element elementor-element-b88e895 elementor-widget elementor-widget-image\" data-id=\"b88e895\" data-element_type=\"widget\" data-widget_type=\"image.default\">\n\t\t\t\t<div class=\"elementor-widget-container\">\n\t\t\t\t\t\t\t\t\t\t\t\t\t\t\t<img decoding=\"async\" src=\"https:\/\/100playground.ro\/wp-content\/uploads\/elementor\/thumbs\/logo-maria-negru-o3k8g533hcvx9x3w9zq5whscwgm3na8jv2wzepto1s.png\" title=\"logo-maria-negru\" alt=\"logo-maria-negru\" loading=\"lazy\" \/>\t\t\t\t\t\t\t\t\t\t\t\t\t\t\t<\/div>\n\t\t\t\t<\/div>\n\t\t\t\t\t<\/div>\n\t\t<\/div>\n\t\t\t\t\t<\/div>\n\t\t<\/section>\n\t\t\t\t<div class=\"elementor-element elementor-element-ba09c95 elementor-widget-divider--separator-type-pattern elementor-widget-divider--view-line elementor-widget elementor-widget-divider\" data-id=\"ba09c95\" data-element_type=\"widget\" data-widget_type=\"divider.default\">\n\t\t\t\t<div class=\"elementor-widget-container\">\n\t\t\t\t\t\t\t<div class=\"elementor-divider\" style=\"--divider-pattern-url: url(&quot;data:image\/svg+xml,%3Csvg xmlns=&#039;http:\/\/www.w3.org\/2000\/svg&#039; preserveAspectRatio=&#039;none&#039; overflow=&#039;visible&#039; height=&#039;100%&#039; viewBox=&#039;0 0 24 24&#039; fill=&#039;none&#039; stroke=&#039;black&#039; stroke-width=&#039;1&#039; stroke-linecap=&#039;square&#039; stroke-miterlimit=&#039;10&#039;%3E%3Cpath d=&#039;M0,6c6,0,0.9,11.1,6.9,11.1S18,6,24,6&#039;\/%3E%3C\/svg%3E&quot;);\">\n\t\t\t<span class=\"elementor-divider-separator\">\n\t\t\t\t\t\t<\/span>\n\t\t<\/div>\n\t\t\t\t\t\t<\/div>\n\t\t\t\t<\/div>\n\t\t\t\t<div class=\"elementor-element elementor-element-9d6bcf0 pandemy-texts elementor-widget elementor-widget-eael-adv-accordion\" data-id=\"9d6bcf0\" data-element_type=\"widget\" data-widget_type=\"eael-adv-accordion.default\">\n\t\t\t\t<div class=\"elementor-widget-container\">\n\t\t\t\t\t        <div class=\"eael-adv-accordion\" id=\"eael-adv-accordion-9d6bcf0\" data-scroll-on-click=\"no\" data-scroll-speed=\"300\" data-accordion-id=\"9d6bcf0\" data-accordion-type=\"accordion\" data-toogle-speed=\"300\">\n    <div class=\"eael-accordion-list\">\n                <div id=\"spanaudiospan-file-de-jurnal-de-dumitria-ungureanu-din-republica-moldova\" class=\"elementor-tab-title eael-accordion-header\" tabindex=\"0\" data-tab=\"1\" aria-controls=\"elementor-tab-content-1651\"><span class=\"eael-advanced-accordion-icon-closed\"><i aria-hidden=\"true\" class=\"fa-accordion-icon fas fa-pencil-alt\"><\/i><\/span><span class=\"eael-advanced-accordion-icon-opened\"><i aria-hidden=\"true\" class=\"fa-accordion-icon fas fa-minus\"><\/i><\/span><span class=\"eael-accordion-tab-title\"><span>AUDIO<\/span> - File de jurnal - de Dumitri\u021ba Ungureanu, din Republica Moldova<\/span><i aria-hidden=\"true\" class=\"fa-toggle fas fa-angle-right\"><\/i><\/div><div id=\"elementor-tab-content-1651\" class=\"eael-accordion-content clearfix\" data-tab=\"1\" aria-labelledby=\"spanaudiospan-file-de-jurnal-de-dumitria-ungureanu-din-republica-moldova\"><style><\/style>\t\t<div data-elementor-type=\"section\" data-elementor-id=\"1447\" class=\"elementor elementor-1447\">\n\t\t\t\t\t\t<section class=\"has_eae_slider elementor-section elementor-top-section elementor-element elementor-element-d974b32 elementor-section-boxed elementor-section-height-default elementor-section-height-default\" data-eae-slider=\"27613\" data-id=\"d974b32\" data-element_type=\"section\">\n\t\t\t\t\t\t<div class=\"elementor-container elementor-column-gap-default\">\n\t\t\t\t\t<div class=\"has_eae_slider elementor-column elementor-col-100 elementor-top-column elementor-element elementor-element-128e67a\" data-eae-slider=\"55152\" data-id=\"128e67a\" data-element_type=\"column\">\n\t\t\t<div class=\"elementor-widget-wrap elementor-element-populated\">\n\t\t\t\t\t\t<div class=\"elementor-element elementor-element-a0c9b2b elementor-widget elementor-widget-text-editor\" data-id=\"a0c9b2b\" data-element_type=\"widget\" data-widget_type=\"text-editor.default\">\n\t\t\t\t<div class=\"elementor-widget-container\">\n\t\t\t\t\t\t\t\t\t<p><div style=\"width: 350px;\" class=\"wp-video\"><!--[if lt IE 9]><script>document.createElement('video');<\/script><![endif]-->\n<video class=\"pandemy-video\" id=\"video-1405-1\" width=\"350\" height=\"360\" poster=\"https:\/\/100playground.ro\/wp-content\/uploads\/2020\/09\/randuri-din-timpul-pandemiei.jpg\" preload=\"metadata\" controls=\"controls\"><source type=\"video\/mp4\" src=\"https:\/\/100playground.ro\/wp-content\/uploads\/2020\/11\/Randuri-din-timpul-pandemiei_Dumitrita-Ungureanu_Radio-Cluj.mp4?_=1\" \/><a href=\"https:\/\/100playground.ro\/wp-content\/uploads\/2020\/11\/Randuri-din-timpul-pandemiei_Dumitrita-Ungureanu_Radio-Cluj.mp4\">https:\/\/100playground.ro\/wp-content\/uploads\/2020\/11\/Randuri-din-timpul-pandemiei_Dumitrita-Ungureanu_Radio-Cluj.mp4<\/a><\/video><\/div><\/p><p class=\"indent-para small-vertical-space\">Mi-a sunat alarma la 7:00 \u0219i m\u0103 preg\u0103team s\u0103 sar din pat c\u00e2nd mi-am amintit c\u0103 nu merg la facultate. Oficial de ast\u0103zi Rom\u00e2nia a intrat \u00een stare de urgen\u021b\u0103 din cauza pandemiei de SARS-CoV-2. Ar trebui s\u0103 fiu fericit\u0103 c\u0103 nu mai trebuie s\u0103 fac drumul de la c\u0103min p\u00e2n\u0103 la facultate pe jum\u0103tate adormit\u0103, dar nu sunt. Tot ce se \u00eent\u00e2mpl\u0103, pentru mine e un tsunami emo\u021bional. M\u0103 simt<br \/>dezn\u0103d\u0103jduit\u0103, speriat\u0103 \u0219i plin\u0103 de nervi. Oare cu ce o s\u0103 se termine tot?!<\/p><p class=\"indent-para\">M\u0103 g\u00e2ndesc s\u0103 plec acas\u0103. Cei peste 800 de km pe care trebuie s\u0103-i fac pe drum nu mi se par at\u00e2t de \u00eenfrico\u0219\u0103tori, mai team\u0103 mi-e c\u0103 a\u0219 putea s\u0103-mi petrec urm\u0103toarea perioad\u0103 izolat\u0103 \u00een camera de c\u0103min. Nu \u0219tiu dac\u0103 sunt preg\u0103tit\u0103 s\u0103 r\u0103m\u00e2n singur\u0103, cu g\u00e2ndurile mele. Tot ce m\u0103 opre\u0219te este frica. Dac\u0103 pe drum a\u0219 fi \u00een contact cu cineva bolnav, iar mai t\u00e2rziu \u00eei transmit virusul \u0219i mamei mele, surorilor \u0219i nepo\u021bilor mei?! Nu mi-e fric\u0103 de \u00eemboln\u0103virea mea c\u00e2t de cea a familiei mele. De la moartea tat\u0103lui meu am \u00eenceput s\u0103 pre\u021buiesc mai mult via\u021ba. M-am transformat \u00een b\u0103tr\u00e2nica care spune \u201es\u0103n\u0103tatea e cel mai important lucru\u201d, dar nu mi-e ru\u0219ine.<\/p><p class=\"indent-para small-vertical-space\">20 martie 2020<\/p><p class=\"indent-para small-vertical-space\">M\u0103 bucur c\u0103 am luat decizia de a m\u0103 \u00eentoarce acas\u0103. Din fericire toate m\u0103surile pe care le-am luat m-au ajutat s\u0103 ajung f\u0103r\u0103 nici un incident. Mama m\u0103 r\u0103sfa\u021b\u0103 cu cele mai alese bucate \u0219i m\u0103 ajut\u0103 s\u0103 trec peste dezam\u0103girile mele legate de \u0219coala online.<\/p><p class=\"indent-para small-vertical-space\">Azi am f\u0103cut o c\u0103l\u0103torie \u00een trecut. Am rugat-o pe mama s\u0103-mi \u00eempleteasc\u0103 dou\u0103 cosi\u021be, a\u0219a cum o f\u0103cea pe vremuri. Mi-am pus capul \u00een poala ei, am \u00eenchis ochii \u0219i m-am l\u0103sat purtat\u0103 de amintiri.<\/p><p class=\"indent-para small-vertical-space\"><i>M-am trezit \u00eentr-o diminea\u021b\u0103 de var\u0103, c\u00e2nd glasul mamei m\u0103 anun\u021ba cu duio\u0219ie c\u0103 masa e deja\u00a0 preg\u0103tit\u0103. Dup\u0103 obi\u0219nuita can\u0103 cu ceai \u0219i p\u00e2ine uns\u0103 cu unt, am a\u0219teptat sfioas\u0103 s\u0103 ascult care erau \u00eendatoririle mele din acea zi. Le invidiam pe cele trei surori mai mari care aveau treburi serioase de f\u0103cut, iar eu ve\u0219nic acela\u0219i lucru: s\u0103 hr\u0103nesc or\u0103t\u0103niile din jurul casei. De\u0219i mama \u00eencerca s\u0103 m\u0103 conving\u0103 c\u0103 asta \u00eensemna mult\u0103 responsabilitate, eu eram de ne\u00eenduplecat. \u00cemi<br \/>doream s\u0103 cresc, s\u0103 ajut, s\u0103 m\u0103 simt un om important. Credeam c\u0103 pentru a face un Bine trebuie s\u0103 fii om mare. Nu \u0219tiam c\u0103 atunci aveam tot ce e mai important.<\/i><\/p><p class=\"indent-para small-vertical-space\">Timpul a trecut, anii au zburat pe l\u00e2ng\u0103 mine. Oamenii dragi mie s-au \u00eempr\u0103\u0219tiat \u00een lume, iar tata m\u0103 vegheaz\u0103 de sus, din cer. Dac\u0103 a\u0219 fi \u0219tiut ce m\u0103 a\u0219teapt\u0103, a\u0219 fi ales s\u0103 r\u0103m\u00e2n copil mereu. Dar azi nu e despre triste\u021be, azi vreau s\u0103-mi amintesc doar cu z\u00e2mbete de fericire de acele momente. Azi sunt puternic\u0103, sunt Bine. \u00cemi dau voie s\u0103 visez, s\u0103 tr\u0103iesc \u0219i s\u0103 m\u0103 simt \u00eemplinit\u0103. M\u0103 tot g\u00e2ndesc, oare ceilal\u021bi cum \u00ee\u0219i alina\u0103 dorul de oameni \u00een aceste zile \u00een care s\u0103 stai departe de ei e<br \/>tot ce po\u021bi face mai bun<\/p>\t\t\t\t\t\t\t\t<\/div>\n\t\t\t\t<\/div>\n\t\t\t\t\t<\/div>\n\t\t<\/div>\n\t\t\t\t\t<\/div>\n\t\t<\/section>\n\t\t\t\t<\/div>\n\t\t<\/div>\n                <\/div><div class=\"eael-accordion-list\">\n                <div id=\"spanaudiospan-randuri-de-simona-cristea-din-bucuresti\" class=\"elementor-tab-title eael-accordion-header\" tabindex=\"0\" data-tab=\"2\" aria-controls=\"elementor-tab-content-1652\"><span class=\"eael-advanced-accordion-icon-closed\"><i aria-hidden=\"true\" class=\"fa-accordion-icon fas fa-pencil-alt\"><\/i><\/span><span class=\"eael-advanced-accordion-icon-opened\"><i aria-hidden=\"true\" class=\"fa-accordion-icon fas fa-minus\"><\/i><\/span><span class=\"eael-accordion-tab-title\"><span>AUDIO<\/span> - Randuri - de Simona Cristea, din Bucuresti<\/span><i aria-hidden=\"true\" class=\"fa-toggle fas fa-angle-right\"><\/i><\/div><div id=\"elementor-tab-content-1652\" class=\"eael-accordion-content clearfix\" data-tab=\"2\" aria-labelledby=\"spanaudiospan-randuri-de-simona-cristea-din-bucuresti\"><style><\/style>\t\t<div data-elementor-type=\"section\" data-elementor-id=\"1481\" class=\"elementor elementor-1481\">\n\t\t\t\t\t\t<section class=\"has_eae_slider elementor-section elementor-top-section elementor-element elementor-element-192c50d elementor-section-boxed elementor-section-height-default elementor-section-height-default\" data-eae-slider=\"95894\" data-id=\"192c50d\" data-element_type=\"section\">\n\t\t\t\t\t\t<div class=\"elementor-container elementor-column-gap-default\">\n\t\t\t\t\t<div class=\"has_eae_slider elementor-column elementor-col-100 elementor-top-column elementor-element elementor-element-e296691\" data-eae-slider=\"29343\" data-id=\"e296691\" data-element_type=\"column\">\n\t\t\t<div class=\"elementor-widget-wrap elementor-element-populated\">\n\t\t\t\t\t\t<div class=\"elementor-element elementor-element-f701573 elementor-widget elementor-widget-text-editor\" data-id=\"f701573\" data-element_type=\"widget\" data-widget_type=\"text-editor.default\">\n\t\t\t\t<div class=\"elementor-widget-container\">\n\t\t\t\t\t\t\t\t\t<p style=\"text-align: right;\">\u00a0<\/p><p><div style=\"width: 350px;\" class=\"wp-video\"><video class=\"pandemy-video\" id=\"video-1405-2\" width=\"350\" height=\"360\" poster=\"https:\/\/100playground.ro\/wp-content\/uploads\/2020\/09\/randuri-din-timpul-pandemiei.jpg\" preload=\"metadata\" controls=\"controls\"><source type=\"video\/mp4\" src=\"https:\/\/100playground.ro\/wp-content\/uploads\/2020\/11\/Randuri_Simona-Cristea_RadioCluj.mp4?_=2\" \/><a href=\"https:\/\/100playground.ro\/wp-content\/uploads\/2020\/11\/Randuri_Simona-Cristea_RadioCluj.mp4\">https:\/\/100playground.ro\/wp-content\/uploads\/2020\/11\/Randuri_Simona-Cristea_RadioCluj.mp4<\/a><\/video><\/div><\/p><p class=\"indent-para small-vertical-space\">16 septembrie, Glasgow, Sco\u021bia<\/p><p class=\"indent-para small-vertical-space\">Acum dou\u0103 zile a fost ziua mea. Refuz. Anul \u0103sta nu a fost timp.<br \/>Nu a fost timp de niciunul dintre lucrurile care fac pentru mine timpul s\u0103 treac\u0103 blajin \u0219i comod. A fost timp numai de lucruri la care prefer s\u0103 nu m\u0103 g\u00e2ndesc niciodat\u0103. A fost, de exemplu, timp de iubire, dar nu cu amintiri frumoase, ci cu &#8222;nu vreau s\u0103 mori&#8221;. Anul \u0103sta nu a fost timp de trecut. Anul \u0103sta nu a fost.<\/p><p class=\"indent-para small-vertical-space\">Lucrez de acas\u0103 din martie. Anul \u0103sta nu a fost loc de timp.<br \/>Tot timpul din lume a fost \u00een apartamentul meu de pe malul r\u00e2ului Clyde. Cu draperiile trase, apartamentul meu ar fi putut fi oriunde. Tr\u0103iesc \u00een \u00eent\u00e2lniri virtuale cu oameni de peste tot. Cel mai mult timp \u00eel petrec \u00een diferite dreptunghiuri de pe diferite ecrane. &#8216;Acas\u0103&#8217; ajung numai noaptea. \u00cencerc s\u0103 \u00eemi \u00eempart timpul egal \u00eentre cele trei camere ale apartamentului meu, dar mereu sf\u00e2r\u0219esc \u00een camera de oaspe\u021bi, unde locuiesc valizele mele goale \u0219i inele de praf care num\u0103r\u0103 lunile trecute \u00eentre vizite. Ultimii oaspe\u021bi au fost p\u0103rin\u021bii mei, \u00een martie. C\u00e2nd eram copil, st\u0103team la ei din pat oric\u00e2nd lipseau de-acas\u0103. Anul \u0103sta a\u0219 fi preferat s\u0103 fiu acas\u0103.<\/p><p class=\"indent-para small-vertical-space\">Pe spatele jurnalului \u021bin scorul luptelor cu anxietatea mea. Anul \u0103sta c\u00e2\u0219tig\u0103 doar ea.<br \/>Reu\u0219esc \u00een diferite moduri s\u0103 nu simt nimic. Atunci termin\u0103m la egalitate. De exemplu, nu m\u0103 mai uit la documentare sau filme care r\u00e2c\u00e2ie sufletul, m\u0103 uit la clipuri cu pisici care cad de pe obiecte \u0219i le sorb neajutorarea din ochi. C\u00e2\u0219tig\u0103, \u00eens\u0103, mai mereu. Nici nu \u00eei e foarte greu, a \u00eenv\u0103\u021bat s\u0103 m\u0103 atace nu cu scenarii demne de romanul pe care nu \u00eel voi scrie niciodat\u0103, ci cu ipoteze valide, pe care le respect \u00een secret. Anxietatea pentru mine este piedica pe care mi-o pune via\u021ba c\u00e2nd am o zi prea bun\u0103, \u00een timp ce cobor sc\u0103rile unui amfiteatru plin. Construie\u0219te argumente complexe despre moarte, despre timpul petrecut departe de cas\u0103, despre scopul vie\u021bii mele, despre soarta planetei. Cu o m\u00e2n\u0103, \u00eemi bombardez p\u0103rin\u021bii cu mesaje \u0219i \u00eenghe\u021b de groaz\u0103 dac\u0103 nu \u00eemi r\u0103spund. Cu cealalt\u0103, m\u0103 cert pe internet despre<br \/>purtarea m\u0103\u0219tii cu un str\u0103in care o nume\u0219te botni\u021b\u0103, \u0219i postez despre complicitatea clasei politice \u00een t\u0103ierile ilegale ale p\u0103durilor de acas\u0103. Pe bibliotec\u0103 am expus un pliant de la Extinction Rebellion. Au protestat \u00een fa\u021ba cl\u0103dirii unde lucrez. 1-0. Anul \u0103sta am pierdut.<\/p><p class=\"indent-para small-vertical-space\">Am fost \u0219i pe-acas\u0103, ce-i drept. Anul \u0103sta a fost timp p\u00e2n\u0103 \u0219i de vacan\u021b\u0103. P\u00e2n\u0103 la un test negativ, am purtat m\u0103\u0219ti \u00een<br \/>cas\u0103 \u0219i am m\u00e2ncat separat, eu \u00een col\u021bul buc\u0103t\u0103riei la m\u0103su\u021ba pe care o ia tata la pescuit. Ca \u00eentr-o scen\u0103 de film low-budget difuzat \u00eentr-o mansard\u0103 cu hipsteri. Am stat aproape de oamenii cei mai dragi \u0219i departe de to\u021bi ceilal\u021bi f\u0103r\u0103 nicio remu\u0219care. Am rev\u0103zut mun\u021bii \u0219i m-am uitat ur\u00e2t la turi\u0219tii \u00een sandale care se uitau ur\u00e2t la bocancii mei. M-am bucurat de ai mei mai mult ca oric\u00e2nd \u0219i mi-a fost mai greu s\u0103 plec ca niciodat\u0103. M-am \u00eentors acum dou\u0103 s\u0103pt\u0103m\u00e2ni \u0219i mi-am isp\u0103\u0219it izolarea \u00eenapoi \u00een camera de oaspe\u021bi.<\/p><p class=\"indent-para small-vertical-space\">Mama e pozitiv\u0103. Puteam s\u0103 jur. Anul \u0103sta nu se mai termin\u0103.<br \/>De fiecare dat\u0103 c\u00e2nd urmeaz\u0103 s\u0103 \u00eemi dea o veste proast\u0103, mama se d\u0103 de gol. &#8222;Vorbim pu\u021bin?&#8221;. \u0218i atunci \u0219tiu. \u0218i las c\u00e2teva minute s\u0103 treac\u0103 p\u00e2n\u0103 s\u0103 o sun, ca \u0219i cum dau ghinionului o \u0219ans\u0103 s\u0103 se r\u0103zg\u00e2ndeasc\u0103 \u00eenainte s\u0103 se pun\u0103 cu mine. E pozitiv\u0103. A luat de la munc\u0103, \u00een \u021bara \u00een care ai putea lucra de acas\u0103, dar s\u0103n\u0103tatea e un lux pe care \u021bi-l iau c\u00e2nd semnezi contractul de angajare \u0219i-\u021bi dau la schimb un salariu de locuie\u0219ti cu p\u0103rin\u021bii. Din confortul apartamentului \u00een care lucrez din martie, i-am repetat de zeci de ori c\u0103 se expune unui risc care nu ar trebui s\u0103 existe. E pozitiv\u0103. &#8222;Am avut dreptate&#8221;, \u0219opte\u0219te o voce din capul meu pe care o ur\u0103sc. Groaza se \u00eenghesuie \u00een capul meu \u0219i nu mai r\u0103m\u00e2ne loc nici m\u0103car de discu\u021bii aprinse cu str\u0103ini pe internet. Pentru prima oar\u0103 anul \u0103sta, num\u0103r zilele, \u0219i o speran\u021b\u0103 se umfl\u0103 artificial \u00een mine cu fiecare +1 care o \u00eendep\u0103rteaz\u0103 statistic de a i se \u00eent\u00e2mpla ceva r\u0103u. E asimptomatic\u0103. R\u0103suflu. A\u0219tept s\u0103 mai treac\u0103 ni\u0219te zile p\u00e2n\u0103 s\u0103 o implor s\u0103 nu se \u00eentoarc\u0103 la birou. \u0218i mai tare a\u0219tep s\u0103 o \u00eembr\u0103\u021bi\u0219ez. Mama se<br \/>izoleaz\u0103 \u00een camera ei, unde \u00eemi pl\u0103cea \u0219i mie s\u0103 stau c\u00e2nd nu erau ei acas\u0103. \u00cen camera mea nu st\u0103 nimeni nici anul \u0103sta.<\/p><p class=\"indent-para small-vertical-space\">A fost ziua mea. Tata e negativ. Mi-am comandat tort. Nu a venit. Mi se pare \u0219i normal. Anul \u0103sta nu a fost.<\/p><p class=\"indent-para small-vertical-space\">1 ianuarie, Bucure\u0219ti<\/p><p class=\"intent-para small-vertical-space\">Sunt la o petrecere cu prietenii mei \u00eentr-o cl\u0103dire veche din centru pe care o vor face mall. Pentru o clip\u0103 \u00eemi amintesc c\u0103 trebuie s\u0103 fac bagaje, poim\u00e2ine plec. \u00cen martie vin ai mei. Anul \u0103sta e 2020<\/p>\t\t\t\t\t\t\t\t<\/div>\n\t\t\t\t<\/div>\n\t\t\t\t\t<\/div>\n\t\t<\/div>\n\t\t\t\t\t<\/div>\n\t\t<\/section>\n\t\t\t\t<\/div>\n\t\t<\/div>\n                <\/div><div class=\"eael-accordion-list\">\n                <div id=\"spanaudiospan-rnduri-din-timpul-pandemiei-cu-mine-de-ana-zett-din-bucureti\" class=\"elementor-tab-title eael-accordion-header\" tabindex=\"0\" data-tab=\"3\" aria-controls=\"elementor-tab-content-1653\"><span class=\"eael-advanced-accordion-icon-closed\"><i aria-hidden=\"true\" class=\"fa-accordion-icon fas fa-pencil-alt\"><\/i><\/span><span class=\"eael-advanced-accordion-icon-opened\"><i aria-hidden=\"true\" class=\"fa-accordion-icon fas fa-minus\"><\/i><\/span><span class=\"eael-accordion-tab-title\"><span>AUDIO<\/span> - R\u00e2nduri din timpul pandemiei cu mine - de Ana Zett, din Bucure\u0219ti<\/span><i aria-hidden=\"true\" class=\"fa-toggle fas fa-angle-right\"><\/i><\/div><div id=\"elementor-tab-content-1653\" class=\"eael-accordion-content clearfix\" data-tab=\"3\" aria-labelledby=\"spanaudiospan-rnduri-din-timpul-pandemiei-cu-mine-de-ana-zett-din-bucureti\"><style><\/style>\t\t<div data-elementor-type=\"section\" data-elementor-id=\"1441\" class=\"elementor elementor-1441\">\n\t\t\t\t\t\t<section class=\"has_eae_slider elementor-section elementor-top-section elementor-element elementor-element-b00343f elementor-section-boxed elementor-section-height-default elementor-section-height-default\" data-eae-slider=\"64823\" data-id=\"b00343f\" data-element_type=\"section\">\n\t\t\t\t\t\t<div class=\"elementor-container elementor-column-gap-default\">\n\t\t\t\t\t<div class=\"has_eae_slider elementor-column elementor-col-100 elementor-top-column elementor-element elementor-element-5f11536\" data-eae-slider=\"59820\" data-id=\"5f11536\" data-element_type=\"column\">\n\t\t\t<div class=\"elementor-widget-wrap elementor-element-populated\">\n\t\t\t\t\t\t<div class=\"elementor-element elementor-element-c5a879d elementor-widget elementor-widget-text-editor\" data-id=\"c5a879d\" data-element_type=\"widget\" data-widget_type=\"text-editor.default\">\n\t\t\t\t<div class=\"elementor-widget-container\">\n\t\t\t\t\t\t\t\t\t<div style=\"width: 350px;\" class=\"wp-video\"><video class=\"pandemy-video\" id=\"video-1405-3\" width=\"350\" height=\"360\" poster=\"https:\/\/100playground.ro\/wp-content\/uploads\/2020\/09\/randuri-din-timpul-pandemiei.jpg\" preload=\"metadata\" controls=\"controls\"><source type=\"video\/mp4\" src=\"https:\/\/100playground.ro\/wp-content\/uploads\/2020\/11\/Randuri-din-timpul-cu-mine_Ana-Zett_Radio-Cluj.mp4?_=3\" \/><a href=\"https:\/\/100playground.ro\/wp-content\/uploads\/2020\/11\/Randuri-din-timpul-cu-mine_Ana-Zett_Radio-Cluj.mp4\">https:\/\/100playground.ro\/wp-content\/uploads\/2020\/11\/Randuri-din-timpul-cu-mine_Ana-Zett_Radio-Cluj.mp4<\/a><\/video><\/div>\n<p class=\"small-vertical-space\"><strong>Din timpul pandemiei \u2013<\/strong><\/p>\n<p class=\"small-vertical-space\" style=\"padding-left: 390px;\"><strong>din carantin\u0103 \u2013<\/strong><\/p>\n<p class=\"small-vertical-space\" style=\"padding-left: 430px;\"><strong>din izolare \u2013<\/strong><\/p>\n<p class=\"small-vertical-space\" style=\"padding-left: 470px;\"><strong>din cas\u0103 \u2013<\/strong><\/p>\n<p class=\"small-vertical-space\" style=\"padding-left: 510px;\"><strong>din timpul cu mine \u2013<\/strong><\/p>\n<p class=\"small-vertical-space\" style=\"padding-left: 550px;\"><strong>din mine .<\/strong><\/p>\n<p class=\"small-vertical-space\" style=\"text-align: right;\">There can&#8217;t be any large-scale revolution until there&#8217;s a personal revolution, on an individual\nlevel. It&#8217;s got to happen inside first.\u201d\n\u2015\u00a0Jim MORRISON<\/p>\n<p class=\"indent-para small-vertical-space\">\u201eUnde sunt acum? Ce-mi doresc? Ce fac? Simt?\u201d \u2013 m\u0103 \u00eentrebam \u00eenainte de pandemie, m\u0103\ndeveneam noaptea mult prea treaz\u0103 \u0219i nesigur\u0103, m\u0103 c\u0103utam \u00een fiece ven\u0103, arter\u0103, capilar, \u00een fiece\nc\u0103mar\u0103 a inimii, \u00een fiece cotlon de suflet, minte \u0219i memorie. O an\u0103 frenetic\u0103 ce s-a rugat \u00eentr-o\nnoapte Universului s\u0103-I dea timp cu ea; f\u0103r\u0103 \u0219coal\u0103 ori oameni \u00een jur \u0219i f\u0103r\u0103 a fi nevoie s\u0103 se\njustifice \u0219i nici s\u0103-i \u00eendep\u0103rteze din nou pe to\u021bi din jurul ei.<\/p>\n<p class=\"indent-para small-vertical-space\">Drag\u0103 io,\nCine mai sunt? Ce se-nt\u00e2mpl\u0103 \u00een jurul meu? C\u00e2t \u00eemi altereaz\u0103 sufletul?\nM\u0103 simt altfel. S-a dat starea de urgen\u021b\u0103 \u0219i am plecat la bunici. M\u0103 rup de ora\u0219, de vacarm \u0219i\npanic\u0103. M\u0103 deconectez de tot ce necesit\u0103 electricitate \u0219i timp.<\/p>\n<p class=\"indent-para small-vertical-space\">Tr\u00e2ntesc plasele cu c\u0103r\u021bi. Cl\u0103desc dou\u0103 turnuri l\u00e2ng\u0103 mas\u0103. Pun c\u00e2teva carnete \u00een partea dreapt\u0103.\n\u00centind salteaua de yoga. Ard un be\u021bi\u0219or parfumat \u0219i c\u00e2teva lum\u00e2n\u0103ri.<\/p>\n<p class=\"indent-para small-vertical-space\">inspir\u0103 \u2013 cine; expir\u0103 \u2013 sunt; inspir\u0103 \u2013 cine; expir\u0103 \u2013 sunt; inspir\u0103 \u2013 cine; expir\u0103 \u2013 sunt\u2026<\/p>\n<p class=\"indent-para small-vertical-space\">Cine sunt? Ce? De unde sunt a\u0219a? Cum? Cum sunt?! De ce? Ce-m doresc? Sigur? Cine m\u0103\niube\u0219te? Ce se \u00eent\u00e2mpl\u0103 cu mine? Sunt bine? De ce nu sunt bine? De ce? De ce \u0219i cum?<\/p>\n<p class=\"indent-para small-vertical-space\">Izbucnesc \u00een pl\u00e2ns. Coinciden\u021b\u0103 sau hazard \u2013 tocmai mi-am captat ochii \u00een oglind\u0103: sc\u00e2nteia \u0219i\nfata care m\u0103 iube\u0219te ne\u00eencetat \u0219i foarte ro\u0219u.<\/p>\n<p class=\"indent-para small-vertical-space\">At\u00e2tea \u00eentreb\u0103ri pentru a fi \u00een locul de a pur si simplu fi.<\/p>\n<p class=\"indent-para small-vertical-space\">Mai, iunie, iulie, august au avut gust, c\u0103ci am \u00eenv\u0103\u021bat s\u0103 am gust. Am tr\u0103it de pe o zi pe alta,\nexpedi\u021bii pl\u0103nuite \u00een ultimul moment, am plecat m\u00e2nat\u0103 de instinct s\u0103 descop\u0103r, s\u0103 aflu \u0219i s\u0103-mi\n\u00eentrec temerile, \u00eemplinesc visurile. Din Florar, \u00een fiecare s\u0103pt\u0103m\u00e2n\u0103 \u2013 cel pu\u021bin dou\u0103 zile \u2013 am\nfost la munte, cu rucsacu-n spate \u0219i inima hai-hui. M-am \u00eenscris la sala de escald\u0103. Am \u00eenceput\ndin nou s\u0103 scriu poezie. Am realizat scenariul \u0219i regizat un scurtmetraj, am fost la mare numai s\u0103-\nI mul\u021bumesc Soarelui la r\u0103s\u0103rit. M-am \u00eendr\u0103gostit \u0219i am scris scrisori de dragoste \u0219i alte poeme \u0219i\nam colindat din refugiu \u00een refugiu.<\/p>\n<p class=\"indent-para small-vertical-space\">\u00cen timpul cu mine am re\u00eenv\u0103\u021bat s\u0103 tr\u0103iesc, s\u0103-mi refac primii pa\u0219i cu cine (mai) sunt.<\/p>\n<p class=\"indent-para small-vertical-space\">C\u00e2nd ne este cel mai greu, ne dep\u0103\u0219im condi\u021bia \u0219i evolu\u0103m \u2013 asta dac\u0103 alegem s\u0103 o facem \u0219i\ncon\u0219tientiz\u0103m. Simplu. Organic. Cred ca marele impediment din vie\u021bile noastre este c\u0103 ne suntem\nproprii inamici sentimentali. Ne complic\u0103m \u0219i nu ne ascult\u0103m, ne temem de cine suntem.<\/p>\n<p class=\"indent-para small-vertical-space\">Pentru ce?<\/p>\n<p class=\"indent-para small-vertical-space\">Am un z\u00e2mbet \u00een tot corpul, sunt fericit\u0103 cu mine, cu ce descop\u0103r, cu ce-mi mai n\u0103zuie\u0219te\nmintea \u0219i cu ce m\u0103 mai pun la \u00eencercare.<\/p>\n<p class=\"indent-para small-vertical-space\">Bucurie imens\u0103 de a se \u00eenchide \u0219colile, negarea cu mine, \u00eendoiala de a trece peste, furia de a fi \u00een\nimpas, retragerea acolo \u00een interior, acceptarea \u0219i iubirea \u2013 iubirea de mine \u0219i iubirea de via\u021b\u0103.<\/p>\n<p class=\"indent-para small-vertical-space\">Io \u00eemi sunt mie tot ceea ce am. \u0218i asta-I genial \u00een orice timp, \u00een orice moment \u00een care suntem acum.<\/p>\n<p style=\"text-align: center;\">Unde suntem? Aici.\nC\u00e2t e ceasu\u2019? Acum.<\/p>\t\t\t\t\t\t\t\t<\/div>\n\t\t\t\t<\/div>\n\t\t\t\t\t<\/div>\n\t\t<\/div>\n\t\t\t\t\t<\/div>\n\t\t<\/section>\n\t\t\t\t<\/div>\n\t\t<\/div>\n                <\/div><div class=\"eael-accordion-list\">\n                <div id=\"spanaudiospan-tristantzarea-track-1-i-track-2-de-demeti-george\" class=\"elementor-tab-title eael-accordion-header\" tabindex=\"0\" data-tab=\"4\" aria-controls=\"elementor-tab-content-1654\"><span class=\"eael-advanced-accordion-icon-closed\"><i aria-hidden=\"true\" class=\"fa-accordion-icon fas fa-pencil-alt\"><\/i><\/span><span class=\"eael-advanced-accordion-icon-opened\"><i aria-hidden=\"true\" class=\"fa-accordion-icon fas fa-minus\"><\/i><\/span><span class=\"eael-accordion-tab-title\"><span>AUDIO<\/span> - Tristantzarea Track 1 \u0219i Track 2 - de Demeti George<\/span><i aria-hidden=\"true\" class=\"fa-toggle fas fa-angle-right\"><\/i><\/div><div id=\"elementor-tab-content-1654\" class=\"eael-accordion-content clearfix\" data-tab=\"4\" aria-labelledby=\"spanaudiospan-tristantzarea-track-1-i-track-2-de-demeti-george\"><style><\/style>\t\t<div data-elementor-type=\"section\" data-elementor-id=\"1449\" class=\"elementor elementor-1449\">\n\t\t\t\t\t\t<section class=\"has_eae_slider elementor-section elementor-top-section elementor-element elementor-element-8cf8a01 elementor-section-boxed elementor-section-height-default elementor-section-height-default\" data-eae-slider=\"52190\" data-id=\"8cf8a01\" data-element_type=\"section\">\n\t\t\t\t\t\t<div class=\"elementor-container elementor-column-gap-default\">\n\t\t\t\t\t<div class=\"has_eae_slider elementor-column elementor-col-100 elementor-top-column elementor-element elementor-element-3204a8f\" data-eae-slider=\"80927\" data-id=\"3204a8f\" data-element_type=\"column\">\n\t\t\t<div class=\"elementor-widget-wrap elementor-element-populated\">\n\t\t\t\t\t\t<div class=\"elementor-element elementor-element-cf17d6d elementor-widget elementor-widget-text-editor\" data-id=\"cf17d6d\" data-element_type=\"widget\" data-widget_type=\"text-editor.default\">\n\t\t\t\t<div class=\"elementor-widget-container\">\n\t\t\t\t\t\t\t\t\t<p style=\"text-align: center;\"><strong>(poem pandemic f\u0103r\u0103 tuse seac\u0103)<\/strong><\/p><p><div style=\"width: 350px;\" class=\"wp-video\"><video class=\"pandemy-video\" id=\"video-1405-4\" width=\"350\" height=\"360\" poster=\"https:\/\/100playground.ro\/wp-content\/uploads\/2020\/09\/randuri-din-timpul-pandemiei.jpg\" preload=\"metadata\" controls=\"controls\"><source type=\"video\/mp4\" src=\"https:\/\/100playground.ro\/wp-content\/uploads\/2020\/11\/Tristantzarea_Dometi-George_Radio-Cluj.mp4?_=4\" \/><a href=\"https:\/\/100playground.ro\/wp-content\/uploads\/2020\/11\/Tristantzarea_Dometi-George_Radio-Cluj.mp4\">https:\/\/100playground.ro\/wp-content\/uploads\/2020\/11\/Tristantzarea_Dometi-George_Radio-Cluj.mp4<\/a><\/video><\/div><\/p><p>Ha\u0219tag de feicniuz \u0219i 2,4,6-trinitrotoluen<br \/>Ve\u0219ti de sub vizete opace<br \/>Strategii \u0219i obiective flesce<br \/>Progres, regres \u0219i planificare<br \/>Pentru clasa muncitoare<br \/>T\u00e2r\u00e2it\u0103 de tractoare de copaci t\u0103ia\u021bi<br \/>\u00cen surdina vociferat\u0103 mutila\u021bi, sculpa\u021bi, v\u00e2ndu\u021bi cu obidien\u021b\u0103.<br \/>Termina\u021bi!<br \/>Lungi termina\u021bii arborescente<br \/>Cu transparen\u021b\u0103 \u00een esen\u021b\u0103<br \/>O provocare. Iar noi ne frigem omul departe de ochii lumii.<br \/>Ascun\u0219i sub barometre monetare.<br \/>Dep\u0103\u0219i\u021bi de clara totalitate \u00een obscura tridimensionalitate<br \/>A tot ceea ce e \u0219i nu e a fi ce suntem.<br \/>Ce e Hecuba pentru lume sau e lumea pentru Hecuba?<br \/>Fantasma sintetizat\u0103 a unui timp ce nu se mai scurge cu susul \u00een jos.<br \/>Suntem clara cantitate a unui scenariu bine scris<br \/>De un scrib amnezic \u0219i peltic<br \/>Ce devoreaz\u0103 frenetic foneme f\u0103r\u0103 noim\u0103<br \/>Pentru un<br \/>Pentru o<br \/>Pentru \u00eens\u0103\u0219i nedefinirea.<br \/>Distan\u021ba<br \/>de la mine la tine<br \/>e un apus de soare<br \/>Menit s\u0103 ne despart\u0103<br \/>orice r\u0103s\u0103rit \u00eenfometat de ultima ninsoare<br \/>A unei copil\u0103rii nebune cu lacrimi<br \/>De \u00eenger izolat de propria candoare.<br \/>Celeritatea mu\u0219c\u0103<br \/>mai aprig dec\u00e2t \u00een globalizare<br \/>De obrazul crescut bine pe trecutele ogoare<br \/>\u0218i doar triste\u021bea ne-njunghie<br \/>\u00cen scamele unui cer cernit de m\u00e2ng\u00e2ieri fugare.<br \/>M\u0103 aflu la prima \u00eencercare<br \/>S\u0103 tr\u0103iesc mereu acela\u0219i alte timpuri.<br \/>Parc\u0103 a\u0219 fi un ecran de televizor<br \/>Fa\u021bada e vie, real\u0103, colorat\u0103 \u00een alb negru,<br \/>Dar din spate sunt doar cabluri<br \/>\u0218i praf&#8230;<br \/>\u0218i nu mai e nimeni s\u0103 m\u0103 \u0219tearg\u0103<br \/>Defintiv.<br \/>La infinitivul singur\/singular.<\/p>\t\t\t\t\t\t\t\t<\/div>\n\t\t\t\t<\/div>\n\t\t\t\t\t<\/div>\n\t\t<\/div>\n\t\t\t\t\t<\/div>\n\t\t<\/section>\n\t\t\t\t<\/div>\n\t\t<\/div>\n                <\/div><div class=\"eael-accordion-list\">\n                <div id=\"amalgam-de-pandemie-de-maria-din-braov\" class=\"elementor-tab-title eael-accordion-header\" tabindex=\"0\" data-tab=\"5\" aria-controls=\"elementor-tab-content-1655\"><span class=\"eael-advanced-accordion-icon-closed\"><i aria-hidden=\"true\" class=\"fa-accordion-icon fas fa-pencil-alt\"><\/i><\/span><span class=\"eael-advanced-accordion-icon-opened\"><i aria-hidden=\"true\" class=\"fa-accordion-icon fas fa-minus\"><\/i><\/span><span class=\"eael-accordion-tab-title\">Amalgam de pandemie - de Maria, din Bra\u0219ov<\/span><i aria-hidden=\"true\" class=\"fa-toggle fas fa-angle-right\"><\/i><\/div><div id=\"elementor-tab-content-1655\" class=\"eael-accordion-content clearfix\" data-tab=\"5\" aria-labelledby=\"amalgam-de-pandemie-de-maria-din-braov\"><style><\/style>\t\t<div data-elementor-type=\"section\" data-elementor-id=\"1431\" class=\"elementor elementor-1431\">\n\t\t\t\t\t\t<section class=\"has_eae_slider elementor-section elementor-top-section elementor-element elementor-element-8b44614 elementor-section-boxed elementor-section-height-default elementor-section-height-default\" data-eae-slider=\"38292\" data-id=\"8b44614\" data-element_type=\"section\">\n\t\t\t\t\t\t<div class=\"elementor-container elementor-column-gap-default\">\n\t\t\t\t\t<div class=\"has_eae_slider elementor-column elementor-col-100 elementor-top-column elementor-element elementor-element-cb8c9ac\" data-eae-slider=\"92614\" data-id=\"cb8c9ac\" data-element_type=\"column\">\n\t\t\t<div class=\"elementor-widget-wrap elementor-element-populated\">\n\t\t\t\t\t\t<div class=\"elementor-element elementor-element-f063c5e elementor-widget elementor-widget-text-editor\" data-id=\"f063c5e\" data-element_type=\"widget\" data-widget_type=\"text-editor.default\">\n\t\t\t\t<div class=\"elementor-widget-container\">\n\t\t\t\t\t\t\t\t\t<p class=\"indent-para small-vertical-space\"><img decoding=\"async\" class=\"alignright wp-image-1575\" src=\"https:\/\/100playground.ro\/wp-content\/uploads\/2020\/11\/hourglass-1024x772.jpg\" alt=\"\" width=\"350\" height=\"264\" srcset=\"https:\/\/100playground.ro\/wp-content\/uploads\/2020\/11\/hourglass-1024x772.jpg 1024w, https:\/\/100playground.ro\/wp-content\/uploads\/2020\/11\/hourglass-300x226.jpg 300w, https:\/\/100playground.ro\/wp-content\/uploads\/2020\/11\/hourglass-768x579.jpg 768w, https:\/\/100playground.ro\/wp-content\/uploads\/2020\/11\/hourglass-1536x1158.jpg 1536w, https:\/\/100playground.ro\/wp-content\/uploads\/2020\/11\/hourglass.jpg 1920w\" sizes=\"(max-width: 350px) 100vw, 350px\" \/>Amalgam de luni amestecate \u00een ne\u0219tire.<\/p><p class=\"indent-para small-vertical-space\">Stop.<\/p><p class=\"indent-para small-vertical-space\">Ritmul a fost \u00eencetinit ca \u00eentr-un traffic jam permanentizat.<\/p><p class=\"indent-para small-vertical-space\">Nu te po\u021bi opri. Trebuie s\u0103 tr\u0103ie\u0219ti. Vocile din fundal nu se opresc la semafor.<\/p><p class=\"indent-para small-vertical-space\">Nu renun\u021ba la tine. Nu renun\u021ba la sport.<\/p><p class=\"indent-para small-vertical-space\">Stop.<\/p><p class=\"indent-para small-vertical-space\">Sc\u00e2r\u021b\u00e2it de disc zg\u00e2riat.<\/p><p class=\"indent-para small-vertical-space\">Uneori, vocile chiar se opresc la semafor.<\/p><p class=\"indent-para small-vertical-space\">Zile \u00een\u0219irate pe fundal de \u00eentreb\u0103ri. \u201dP\u00e2n\u0103 c\u00e2nd?\u201d \u201dCe va fi apoi?\u201d \u201dC\u00e2nd ne vom primi via\u021ba \u00eenapoi?\u201d<\/p><p class=\"indent-para small-vertical-space\">Zile \u00een\u0219irate ca m\u0103rgele pe-un fir de r\u0103gaz. Cu ie\u0219iri \u00een natur\u0103, cu popasuri mai lungi, cu r\u0103t\u0103ciri prin c\u0103r\u021bi,<br \/>prin conversa\u021bii, prin cur\u021bi. \u0218i un soare bl\u00e2nd, ce nu se las\u0103 intimidat \u00een vacarm de \u00eentreb\u0103ri, de sfaturi \u0219i<br \/>frici.<\/p><p class=\"indent-para small-vertical-space\">Amalgam de luni amestecate \u00een ne\u0219tire vin din nou peste tine \u0219i imediat e Cr\u0103ciun.<\/p><p class=\"indent-para small-vertical-space\">Cine de\u021bine controlul butonului de stop?<\/p>\t\t\t\t\t\t\t\t<\/div>\n\t\t\t\t<\/div>\n\t\t\t\t\t<\/div>\n\t\t<\/div>\n\t\t\t\t\t<\/div>\n\t\t<\/section>\n\t\t\t\t<\/div>\n\t\t<\/div>\n                <\/div><div class=\"eael-accordion-list\">\n                <div id=\"draga-sine-de-ana-din-braov\" class=\"elementor-tab-title eael-accordion-header\" tabindex=\"0\" data-tab=\"6\" aria-controls=\"elementor-tab-content-1656\"><span class=\"eael-advanced-accordion-icon-closed\"><i aria-hidden=\"true\" class=\"fa-accordion-icon fas fa-pencil-alt\"><\/i><\/span><span class=\"eael-advanced-accordion-icon-opened\"><i aria-hidden=\"true\" class=\"fa-accordion-icon fas fa-minus\"><\/i><\/span><span class=\"eael-accordion-tab-title\">Draga sine - de Ana din Bra\u0219ov<\/span><i aria-hidden=\"true\" class=\"fa-toggle fas fa-angle-right\"><\/i><\/div><div id=\"elementor-tab-content-1656\" class=\"eael-accordion-content clearfix\" data-tab=\"6\" aria-labelledby=\"draga-sine-de-ana-din-braov\"><style><\/style>\t\t<div data-elementor-type=\"section\" data-elementor-id=\"1456\" class=\"elementor elementor-1456\">\n\t\t\t\t\t\t<section class=\"has_eae_slider elementor-section elementor-top-section elementor-element elementor-element-c7fbca0 elementor-section-boxed elementor-section-height-default elementor-section-height-default\" data-eae-slider=\"15272\" data-id=\"c7fbca0\" data-element_type=\"section\">\n\t\t\t\t\t\t<div class=\"elementor-container elementor-column-gap-default\">\n\t\t\t\t\t<div class=\"has_eae_slider elementor-column elementor-col-100 elementor-top-column elementor-element elementor-element-82fa00f\" data-eae-slider=\"70989\" data-id=\"82fa00f\" data-element_type=\"column\">\n\t\t\t<div class=\"elementor-widget-wrap elementor-element-populated\">\n\t\t\t\t\t\t<div class=\"elementor-element elementor-element-5e98f37 elementor-widget elementor-widget-text-editor\" data-id=\"5e98f37\" data-element_type=\"widget\" data-widget_type=\"text-editor.default\">\n\t\t\t\t<div class=\"elementor-widget-container\">\n\t\t\t\t\t\t\t\t\t<p><img decoding=\"async\" class=\"alignright wp-image-1557\" src=\"https:\/\/100playground.ro\/wp-content\/uploads\/2020\/11\/letter-1024x683.jpg\" alt=\"\" width=\"350\" height=\"233\" srcset=\"https:\/\/100playground.ro\/wp-content\/uploads\/2020\/11\/letter-1024x683.jpg 1024w, https:\/\/100playground.ro\/wp-content\/uploads\/2020\/11\/letter-300x200.jpg 300w, https:\/\/100playground.ro\/wp-content\/uploads\/2020\/11\/letter-768x512.jpg 768w, https:\/\/100playground.ro\/wp-content\/uploads\/2020\/11\/letter-1536x1024.jpg 1536w, https:\/\/100playground.ro\/wp-content\/uploads\/2020\/11\/letter.jpg 1920w\" sizes=\"(max-width: 350px) 100vw, 350px\" \/>Drag\u0103 Sine,<\/p><p class=\"indent-para small-vertical-space\">Scrisoarea aceasta \u00ee\u021bi ajunge din viitor. Nu \u00eentreba cum, nici eu nu am \u00een\u021beles.<\/p><p class=\"indent-para small-vertical-space\">\u00ce\u021bi scriu despre cum se va schimba lumea \u00een care tr\u0103ie\u0219ti acum. Nu te speria, nu e totul r\u0103u.<\/p><p class=\"indent-para small-vertical-space\">Un virus ce nu-l \u00een\u021belegem \u0219i-a f\u0103cut for\u021bat prezen\u021ba \u00een vie\u021bile noastre. \u0218i ne-a \u00eenv\u0103\u021bat multe.<\/p><p>o define\u0219ti \u0219i tu.<\/p><p class=\"indent-para small-vertical-space\">C\u0103 po\u021bi, foarte repede, s\u0103 inve\u021bi s\u0103 renun\u021bi la ce \u021bi se pare vital \u0219i s\u0103 \u00eenve\u021bi, \u00een schimb, s\u0103 pui bazele unor<br \/>alte fericiri.<\/p><p class=\"indent-para small-vertical-space\">C\u0103 nu o s\u0103 fi speriat u\u0219or.<\/p><p class=\"indent-para small-vertical-space\">C\u0103 p\u00e2n\u0103 \u0219i noua situa\u021bie \u00ee\u021bi va deschide multe c\u0103i noi de a-\u021bi umple goluri pe care nici nu \u0219tiai c\u0103 le aveai.<\/p><p class=\"indent-para small-vertical-space\">Numai bine \u0219i mult\u0103 r\u0103bdare!<\/p>\t\t\t\t\t\t\t\t<\/div>\n\t\t\t\t<\/div>\n\t\t\t\t\t<\/div>\n\t\t<\/div>\n\t\t\t\t\t<\/div>\n\t\t<\/section>\n\t\t\t\t<\/div>\n\t\t<\/div>\n                <\/div><div class=\"eael-accordion-list\">\n                <div id=\"fals-de-det-din-ntorsura-buzului\" class=\"elementor-tab-title eael-accordion-header\" tabindex=\"0\" data-tab=\"7\" aria-controls=\"elementor-tab-content-1657\"><span class=\"eael-advanced-accordion-icon-closed\"><i aria-hidden=\"true\" class=\"fa-accordion-icon fas fa-pencil-alt\"><\/i><\/span><span class=\"eael-advanced-accordion-icon-opened\"><i aria-hidden=\"true\" class=\"fa-accordion-icon fas fa-minus\"><\/i><\/span><span class=\"eael-accordion-tab-title\">Fals - de DET, din \u00centorsura Buz\u0103ului<\/span><i aria-hidden=\"true\" class=\"fa-toggle fas fa-angle-right\"><\/i><\/div><div id=\"elementor-tab-content-1657\" class=\"eael-accordion-content clearfix\" data-tab=\"7\" aria-labelledby=\"fals-de-det-din-ntorsura-buzului\"><style><\/style>\t\t<div data-elementor-type=\"section\" data-elementor-id=\"1435\" class=\"elementor elementor-1435\">\n\t\t\t\t\t\t<section class=\"has_eae_slider elementor-section elementor-top-section elementor-element elementor-element-7649afd elementor-section-boxed elementor-section-height-default elementor-section-height-default\" data-eae-slider=\"59519\" data-id=\"7649afd\" data-element_type=\"section\">\n\t\t\t\t\t\t<div class=\"elementor-container elementor-column-gap-default\">\n\t\t\t\t\t<div class=\"has_eae_slider elementor-column elementor-col-100 elementor-top-column elementor-element elementor-element-d04cafd\" data-eae-slider=\"98901\" data-id=\"d04cafd\" data-element_type=\"column\">\n\t\t\t<div class=\"elementor-widget-wrap elementor-element-populated\">\n\t\t\t\t\t\t<div class=\"elementor-element elementor-element-a1c6f43 elementor-widget elementor-widget-text-editor\" data-id=\"a1c6f43\" data-element_type=\"widget\" data-widget_type=\"text-editor.default\">\n\t\t\t\t<div class=\"elementor-widget-container\">\n\t\t\t\t\t\t\t\t\t<p style=\"text-align: right;\"><strong>de DET, din \u00centorsura Buz\u0103ului<\/strong><\/p><p class=\"indent-para small-vertical-space\"><img loading=\"lazy\" decoding=\"async\" class=\"alignright wp-image-1310\" src=\"https:\/\/100playground.ro\/wp-content\/uploads\/2020\/09\/fals-1024x683.jpg\" alt=\"fals - det\" width=\"300\" height=\"200\" srcset=\"https:\/\/100playground.ro\/wp-content\/uploads\/2020\/09\/fals-1024x683.jpg 1024w, https:\/\/100playground.ro\/wp-content\/uploads\/2020\/09\/fals-300x200.jpg 300w, https:\/\/100playground.ro\/wp-content\/uploads\/2020\/09\/fals-768x512.jpg 768w, https:\/\/100playground.ro\/wp-content\/uploads\/2020\/09\/fals-1536x1024.jpg 1536w, https:\/\/100playground.ro\/wp-content\/uploads\/2020\/09\/fals.jpg 1920w\" sizes=\"(max-width: 300px) 100vw, 300px\" \/>Am evitat s\u0103 m\u0103 privesc \u00een oglind\u0103. Am evitat s\u0103 fiu atent\u0103 la ce g\u00e2ndesc. Am evitat s\u0103 stau aici, s\u0103 scriu. Am evitat s\u0103 \u00eencalc regulile. Am evitat \u0219i s\u0103 te \u00eent\u00e2lnesc, om. Fals. Pandemie? Nu te \u00eenvinuiesc pentru lipsa de dragoste. E\u0219ti un element important, dar doar ca s\u0103 ne biciuie\u0219ti atunci<br \/>c\u00e2nd \u00ee\u021bi cerem biciul. O facem zilnic \u00een ultimul timp, \u00ee\u021bi for\u021b\u0103m m\u00e2inile \u0219i apoi te \u00eenvinuim. Fals. Sunt ni\u0219te reguli pe care trebuie s\u0103 le respect\u0103m din bun sim\u021b, tocmai din dragoste pentru aproapele, din grij\u0103 pentru al\u021bii, din p\u0103sare \u0219i nu din nep\u0103sare. Din speran\u021b\u0103 c\u0103 totul va fi bine. A\u0219a sunt \u0219i regulile de circula\u021bie. Fals. C\u00e2nd conduci prea \u00eencet \u00eencurci traficul. C\u00e2nd semnalizezi \u0219i pe str\u0103zile mici e\u0219ti fraier, c\u00e2nd e\u0219ti extrem de prudent e\u0219ti panicos. Fals. Pruden\u021ba \u00een exces nu e niciodat\u0103 prea mult\u0103. Extermin\u0103, educ\u0103, disciplineaz\u0103, oblig\u0103, pedepse\u0219te, terorizeaz\u0103, seam\u0103n\u0103 \u00eendoial\u0103 \u0219i distan\u021beaz\u0103 social, arde de la r\u0103d\u0103cini. Fals. Am crescut \u00een responsabilitate, e pe umeri-mi deja<br \/>deloc goi. Fals. E nep\u0103sare. Fals&#8230;&#8230;&#8230;&#8230;&#8230;&#8230;&#8230;&#8230;&#8230;&#8230;&#8230;&#8230;&#8230;&#8230;&#8230;&#8230;&#8230;&#8230;&#8230;&#8230;&#8230;&#8230;&#8230;&#8230;&#8230;&#8230;&#8230;&#8230;&#8230;&#8230;&#8230;&#8230;<\/p><p class=\"indent-para small-vertical-space\">Respir\u0103. Lucrurile sunt mult mai simple de at\u00e2t. S\u0103 le spunem pe nume. Nu \u0219tim s\u0103 deosebim adev\u0103rul de fals. Vorbeam cu cineva despre adev\u0103rul nostru care st\u0103 \u00eentre cele dou\u0103. S\u0103 \u0219tii c\u0103 \u00eenc\u0103 nu sunt pe deplin convins\u0103, incertitudinea \u00een care tr\u0103iesc nu e singular\u0103. O ai \u0219i tu. Nu cred \u00een transform\u0103ri miraculoase, \u00een mobiliz\u0103ri senza\u021bionale, cred \u00een resemnare, constr\u00e2ngere f\u0103r\u0103<br \/>drept de \u00een\u021belegere, \u00eens\u0103 nu le sus\u021bin. \u00cen astea am crescut, astea mi-au fost ar\u0103tate, pe astea le-am<br \/>\u00eent\u00e2lnit \u00een fiecare punct. Fals. Contrazice-m\u0103. \u00cen astea ai crescut \u0219i tu. E adev\u0103rat. Ne-am distan\u021bat social, dar nu fizic. Ironic. Ar trebui s\u0103 fie invers. Ar trebui? Nu sunt omul pe care s\u0103-l fi influen\u021bat major evenimentul momentului. I take it as it is. Un virus \u0219i at\u00e2t. Da, s-au schimbat lucruri, s-au modificat planuri, am plecat dintr-un loc ca s\u0103 m\u0103 g\u0103sesc \u00een altul, am respectat reguli de bun sim\u021b, m-am frustrat, nu am putut vedea oameni, dar i-am v\u0103zut pe al\u021bii. Nimic nu m-a durut, doar refuzul oamenilor dragi de-ai \u00eembr\u0103\u021bi\u0219a, frica \u0219i nesiguran\u021ba pe care o \u00eembr\u0103\u021bi\u0219are s\u0103n\u0103toas\u0103, de care avem<br \/>nevoie zilnic, a avut-o acum. S\u0103 nu uit\u0103m. S\u0103 nu ne uit\u0103m pe noi. Adev\u0103rat. De asta mi-am tot amintit \u00een aceast\u0103 perioad\u0103, jongl\u00e2nd printre reguli de bun sim\u021b \u0219i p\u0103str\u00e2ndu-mi vie suflarea de om.<\/p>\t\t\t\t\t\t\t\t<\/div>\n\t\t\t\t<\/div>\n\t\t\t\t\t<\/div>\n\t\t<\/div>\n\t\t\t\t\t<\/div>\n\t\t<\/section>\n\t\t\t\t<\/div>\n\t\t<\/div>\n                <\/div><div class=\"eael-accordion-list\">\n                <div id=\"linite-de-mihaela-\" class=\"elementor-tab-title eael-accordion-header\" tabindex=\"0\" data-tab=\"8\" aria-controls=\"elementor-tab-content-1658\"><span class=\"eael-advanced-accordion-icon-closed\"><i aria-hidden=\"true\" class=\"fa-accordion-icon fas fa-pencil-alt\"><\/i><\/span><span class=\"eael-advanced-accordion-icon-opened\"><i aria-hidden=\"true\" class=\"fa-accordion-icon fas fa-minus\"><\/i><\/span><span class=\"eael-accordion-tab-title\">Lini\u0219te - de Mihaela <\/span><i aria-hidden=\"true\" class=\"fa-toggle fas fa-angle-right\"><\/i><\/div><div id=\"elementor-tab-content-1658\" class=\"eael-accordion-content clearfix\" data-tab=\"8\" aria-labelledby=\"linite-de-mihaela-\"><style><\/style>\t\t<div data-elementor-type=\"section\" data-elementor-id=\"1422\" class=\"elementor elementor-1422\">\n\t\t\t\t\t\t<section class=\"has_eae_slider elementor-section elementor-top-section elementor-element elementor-element-b5c2fe0 elementor-section-boxed elementor-section-height-default elementor-section-height-default\" data-eae-slider=\"26152\" data-id=\"b5c2fe0\" data-element_type=\"section\">\n\t\t\t\t\t\t<div class=\"elementor-container elementor-column-gap-default\">\n\t\t\t\t\t<div class=\"has_eae_slider elementor-column elementor-col-100 elementor-top-column elementor-element elementor-element-9df8fd8\" data-eae-slider=\"69074\" data-id=\"9df8fd8\" data-element_type=\"column\">\n\t\t\t<div class=\"elementor-widget-wrap elementor-element-populated\">\n\t\t\t\t\t\t<div class=\"elementor-element elementor-element-89f0bc4 elementor-widget elementor-widget-text-editor\" data-id=\"89f0bc4\" data-element_type=\"widget\" data-widget_type=\"text-editor.default\">\n\t\t\t\t<div class=\"elementor-widget-container\">\n\t\t\t\t\t\t\t\t\t<p style=\"text-align: right;\"><strong>de Mihaela, Brasov<\/strong><\/p><p class=\"small-vertical-space\"><img loading=\"lazy\" decoding=\"async\" class=\"alignright wp-image-1361\" src=\"https:\/\/100playground.ro\/wp-content\/uploads\/2020\/09\/mana-in-crengi-1024x683.jpg\" alt=\"\" width=\"300\" height=\"200\" srcset=\"https:\/\/100playground.ro\/wp-content\/uploads\/2020\/09\/mana-in-crengi-1024x683.jpg 1024w, https:\/\/100playground.ro\/wp-content\/uploads\/2020\/09\/mana-in-crengi-300x200.jpg 300w, https:\/\/100playground.ro\/wp-content\/uploads\/2020\/09\/mana-in-crengi-768x512.jpg 768w, https:\/\/100playground.ro\/wp-content\/uploads\/2020\/09\/mana-in-crengi-1536x1024.jpg 1536w, https:\/\/100playground.ro\/wp-content\/uploads\/2020\/09\/mana-in-crengi-2048x1366.jpg 2048w\" sizes=\"(max-width: 300px) 100vw, 300px\" \/>\u00cen pandemie via\u021ba mea, a\u0219a cum o \u0219tiam p\u00e2n\u0103 atunci, s-a oprit \u00een loc.<\/p><p class=\"small-vertical-space\">\u00cen pandemie, orice ar \u00eensemna asta, a fost lini\u0219te.<\/p><p class=\"small-vertical-space\">O lini\u0219te pe care care nu o mai ascultasem demult.<\/p><p class=\"small-vertical-space\">De c\u00e2nd nu ai mai ascultat lini\u0219tea g\u00e2ndurilor tale?<\/p><p class=\"small-vertical-space\">Mi-e dor de izolare.<\/p><p class=\"small-vertical-space\">Mi-e dor de mine.<\/p><p class=\"small-vertical-space\">Mi-e dor s\u0103-mi aud g\u00e2ndurile.<\/p><p class=\"small-vertical-space\">\u0218i-mi pare tare r\u0103u c\u0103 nu am \u0219tiut s\u0103 pre\u021buiesc mai mult secundele din t\u0103cere.<\/p><p class=\"small-vertical-space\">Isteria social\u0103, m-a adus mai aproape de mine.<\/p>\t\t\t\t\t\t\t\t<\/div>\n\t\t\t\t<\/div>\n\t\t\t\t\t<\/div>\n\t\t<\/div>\n\t\t\t\t\t<\/div>\n\t\t<\/section>\n\t\t\t\t<\/div>\n\t\t<\/div>\n                <\/div><div class=\"eael-accordion-list\">\n                <div id=\"multumesc-de-raluca-din-brasov\" class=\"elementor-tab-title eael-accordion-header\" tabindex=\"0\" data-tab=\"9\" aria-controls=\"elementor-tab-content-1659\"><span class=\"eael-advanced-accordion-icon-closed\"><i aria-hidden=\"true\" class=\"fa-accordion-icon fas fa-pencil-alt\"><\/i><\/span><span class=\"eael-advanced-accordion-icon-opened\"><i aria-hidden=\"true\" class=\"fa-accordion-icon fas fa-minus\"><\/i><\/span><span class=\"eael-accordion-tab-title\">Multumesc - de Raluca, din Brasov<\/span><i aria-hidden=\"true\" class=\"fa-toggle fas fa-angle-right\"><\/i><\/div><div id=\"elementor-tab-content-1659\" class=\"eael-accordion-content clearfix\" data-tab=\"9\" aria-labelledby=\"multumesc-de-raluca-din-brasov\"><style><\/style>\t\t<div data-elementor-type=\"section\" data-elementor-id=\"1612\" class=\"elementor elementor-1612\">\n\t\t\t\t\t\t<section class=\"has_eae_slider elementor-section elementor-top-section elementor-element elementor-element-1105bd1 elementor-section-boxed elementor-section-height-default elementor-section-height-default\" data-eae-slider=\"47405\" data-id=\"1105bd1\" data-element_type=\"section\">\n\t\t\t\t\t\t<div class=\"elementor-container elementor-column-gap-default\">\n\t\t\t\t\t<div class=\"has_eae_slider elementor-column elementor-col-100 elementor-top-column elementor-element elementor-element-1b02e2c\" data-eae-slider=\"40238\" data-id=\"1b02e2c\" data-element_type=\"column\">\n\t\t\t<div class=\"elementor-widget-wrap elementor-element-populated\">\n\t\t\t\t\t\t<div class=\"elementor-element elementor-element-d72a718 elementor-widget elementor-widget-text-editor\" data-id=\"d72a718\" data-element_type=\"widget\" data-widget_type=\"text-editor.default\">\n\t\t\t\t<div class=\"elementor-widget-container\">\n\t\t\t\t\t\t\t\t\t<p class=\"indent-para small-vertical-space\"><img loading=\"lazy\" decoding=\"async\" class=\"alignright wp-image-1613\" src=\"https:\/\/100playground.ro\/wp-content\/uploads\/2020\/11\/thank-you-1024x936.jpg\" alt=\"\" width=\"350\" height=\"320\" srcset=\"https:\/\/100playground.ro\/wp-content\/uploads\/2020\/11\/thank-you-1024x936.jpg 1024w, https:\/\/100playground.ro\/wp-content\/uploads\/2020\/11\/thank-you-300x274.jpg 300w, https:\/\/100playground.ro\/wp-content\/uploads\/2020\/11\/thank-you-768x702.jpg 768w, https:\/\/100playground.ro\/wp-content\/uploads\/2020\/11\/thank-you-1536x1404.jpg 1536w, https:\/\/100playground.ro\/wp-content\/uploads\/2020\/11\/thank-you.jpg 1920w\" sizes=\"(max-width: 350px) 100vw, 350px\" \/>Mul\u021bumesc pandemie c\u0103 m-ai \u00eenv\u0103\u021bat s\u0103 iubesc mai mult.<\/p><p class=\"indent-para small-vertical-space\">Mi-ai dat timpul pentru a face asta \u0219i r\u0103gazul de a \u00eenv\u0103\u021ba cum.<\/p><p class=\"indent-para small-vertical-space\">Am \u00eenv\u0103\u021bat de la natur\u0103, privind plantele cresc\u00e2nd, urm\u0103rind p\u0103s\u0103rile zbur\u00e2nd \u0219i observ\u00e2nd oamenii z\u00e2mbind din spatele m\u0103\u0219tilor.<\/p><p class=\"indent-para small-vertical-space\">Am \u00eenv\u0103\u021bat de la timpul petrecut cu mine. Din momentele \u00een care fuga s-a oprit \u0219i frica nu a mai fost cople\u0219itoare.<\/p><p class=\"indent-para small-vertical-space\">Am \u00eenv\u0103\u021bat de la prieteni care au r\u0103mas al\u0103turi chiar \u0219i atunci c\u00e2nd nu ne-am v\u0103zut.<\/p><p class=\"indent-para small-vertical-space\">Am \u00eenv\u0103\u021bat de la anotimpuri care nu s-au oprit, care nu s-au zg\u00e2rcit \u00een frumuse\u021bi \u0219i lumini.<\/p><p class=\"indent-para small-vertical-space\">Am g\u0103sit \u00een mine o superputere ce este de-ajuns.<\/p><p class=\"indent-para small-vertical-space\">2020 nu este un an pierdut!<\/p>\t\t\t\t\t\t\t\t<\/div>\n\t\t\t\t<\/div>\n\t\t\t\t\t<\/div>\n\t\t<\/div>\n\t\t\t\t\t<\/div>\n\t\t<\/section>\n\t\t\t\t<\/div>\n\t\t<\/div>\n                <\/div><div class=\"eael-accordion-list\">\n                <div id=\"pandemia-de-teodora-din-ciui-\" class=\"elementor-tab-title eael-accordion-header\" tabindex=\"0\" data-tab=\"10\" aria-controls=\"elementor-tab-content-16510\"><span class=\"eael-advanced-accordion-icon-closed\"><i aria-hidden=\"true\" class=\"fa-accordion-icon fas fa-pencil-alt\"><\/i><\/span><span class=\"eael-advanced-accordion-icon-opened\"><i aria-hidden=\"true\" class=\"fa-accordion-icon fas fa-minus\"><\/i><\/span><span class=\"eael-accordion-tab-title\">Pandemia - de Teodora, din C\u0103iu\u021bi <\/span><i aria-hidden=\"true\" class=\"fa-toggle fas fa-angle-right\"><\/i><\/div><div id=\"elementor-tab-content-16510\" class=\"eael-accordion-content clearfix\" data-tab=\"10\" aria-labelledby=\"pandemia-de-teodora-din-ciui-\"><style><\/style>\t\t<div data-elementor-type=\"section\" data-elementor-id=\"1438\" class=\"elementor elementor-1438\">\n\t\t\t\t\t\t<section class=\"has_eae_slider elementor-section elementor-top-section elementor-element elementor-element-ab679e9 elementor-section-boxed elementor-section-height-default elementor-section-height-default\" data-eae-slider=\"7112\" data-id=\"ab679e9\" data-element_type=\"section\">\n\t\t\t\t\t\t<div class=\"elementor-container elementor-column-gap-default\">\n\t\t\t\t\t<div class=\"has_eae_slider elementor-column elementor-col-100 elementor-top-column elementor-element elementor-element-c6fe6b2\" data-eae-slider=\"83616\" data-id=\"c6fe6b2\" data-element_type=\"column\">\n\t\t\t<div class=\"elementor-widget-wrap elementor-element-populated\">\n\t\t\t\t\t\t<div class=\"elementor-element elementor-element-0c99e67 elementor-widget elementor-widget-text-editor\" data-id=\"0c99e67\" data-element_type=\"widget\" data-widget_type=\"text-editor.default\">\n\t\t\t\t<div class=\"elementor-widget-container\">\n\t\t\t\t\t\t\t\t\t<p class=\"indent-para small-vertical-space\"><img loading=\"lazy\" decoding=\"async\" class=\"alignright wp-image-1578\" src=\"https:\/\/100playground.ro\/wp-content\/uploads\/2020\/11\/world-1024x666.jpg\" alt=\"\" width=\"350\" height=\"228\" srcset=\"https:\/\/100playground.ro\/wp-content\/uploads\/2020\/11\/world-1024x666.jpg 1024w, https:\/\/100playground.ro\/wp-content\/uploads\/2020\/11\/world-300x195.jpg 300w, https:\/\/100playground.ro\/wp-content\/uploads\/2020\/11\/world-768x500.jpg 768w, https:\/\/100playground.ro\/wp-content\/uploads\/2020\/11\/world-1536x999.jpg 1536w, https:\/\/100playground.ro\/wp-content\/uploads\/2020\/11\/world.jpg 1920w\" sizes=\"(max-width: 350px) 100vw, 350px\" \/>Pandemia. Ceva ce a venit nea\u0219teptat, ceva de care nu o s\u0103 \u00eemi fie dor \u0219i ceva ce ne-a f\u0103cut pe noi<br \/>oamenii s\u0103 ne schimb\u0103m.<\/p><p class=\"indent-para small-vertical-space\">Pandemia a fost ceva diferit pentru fiecare persoan\u0103. Pentru unele a fost un moment de descoperire<br \/>personal\u0103, iar pentru altele, cum sunt eu, a fost un moment ur\u00e2t \u00een care m-am deteriorat. Deteriorat \u00een<br \/>sensul c\u0103 m-a afectat psihic, iar lucrul acesta vine de la o fat\u0103 de 15 ani.<\/p><p class=\"indent-para small-vertical-space\">Era o perioad\u0103 \u00een care nici nu credeam \u00een tot ce \u00eenseamn\u0103 pandemie, virus \u0219i altele. \u0218i acum cred \u00eentr-o<br \/>anumit\u0103 m\u0103sur\u0103. Dar asta nu conteaz\u0103. Chiar dac\u0103 noi credem sau nu, tot trebuie s\u0103 ne protej\u0103m&#8230;<br \/>pentru a reveni la normalitate. Dac\u0103 se mai poate reveni la a\u0219a ceva&#8230;<\/p><p class=\"indent-para small-vertical-space\">Singurul lucru care mi-a pl\u0103cut la pandemie a fost faptul c\u0103 am stat cu familia mea. Iar asta a fost un<br \/>lucru bun, dar \u0219i r\u0103u.<\/p><p class=\"indent-para small-vertical-space\">\u00cen fine, long story short, pandemia este ceva care va r\u0103m\u00e2ne \u00een istorie \u0219i, Doamne ajut\u0103, va trece ca<br \/>toate virsurile care au mai fost.<\/p>\t\t\t\t\t\t\t\t<\/div>\n\t\t\t\t<\/div>\n\t\t\t\t\t<\/div>\n\t\t<\/div>\n\t\t\t\t\t<\/div>\n\t\t<\/section>\n\t\t\t\t<\/div>\n\t\t<\/div>\n                <\/div><div class=\"eael-accordion-list\">\n                <div id=\"pandemia-a-venit-ca-al-doilea-cadou-de-crciun-de-vlad-din-suceava\" class=\"elementor-tab-title eael-accordion-header\" tabindex=\"0\" data-tab=\"11\" aria-controls=\"elementor-tab-content-16511\"><span class=\"eael-advanced-accordion-icon-closed\"><i aria-hidden=\"true\" class=\"fa-accordion-icon fas fa-pencil-alt\"><\/i><\/span><span class=\"eael-advanced-accordion-icon-opened\"><i aria-hidden=\"true\" class=\"fa-accordion-icon fas fa-minus\"><\/i><\/span><span class=\"eael-accordion-tab-title\">Pandemia a venit ca al doilea cadou de Cr\u0103ciun - de Vlad, din Suceava<\/span><i aria-hidden=\"true\" class=\"fa-toggle fas fa-angle-right\"><\/i><\/div><div id=\"elementor-tab-content-16511\" class=\"eael-accordion-content clearfix\" data-tab=\"11\" aria-labelledby=\"pandemia-a-venit-ca-al-doilea-cadou-de-crciun-de-vlad-din-suceava\"><style><\/style>\t\t<div data-elementor-type=\"section\" data-elementor-id=\"1427\" class=\"elementor elementor-1427\">\n\t\t\t\t\t\t<section class=\"has_eae_slider elementor-section elementor-top-section elementor-element elementor-element-76a8416 elementor-section-boxed elementor-section-height-default elementor-section-height-default\" data-eae-slider=\"17273\" data-id=\"76a8416\" data-element_type=\"section\">\n\t\t\t\t\t\t<div class=\"elementor-container elementor-column-gap-default\">\n\t\t\t\t\t<div class=\"has_eae_slider elementor-column elementor-col-100 elementor-top-column elementor-element elementor-element-401f3b8\" data-eae-slider=\"62013\" data-id=\"401f3b8\" data-element_type=\"column\">\n\t\t\t<div class=\"elementor-widget-wrap elementor-element-populated\">\n\t\t\t\t\t\t<div class=\"elementor-element elementor-element-f80ded2 elementor-widget elementor-widget-text-editor\" data-id=\"f80ded2\" data-element_type=\"widget\" data-widget_type=\"text-editor.default\">\n\t\t\t\t<div class=\"elementor-widget-container\">\n\t\t\t\t\t\t\t\t\t<p style=\"text-align: right;\"><strong>de Vlad, din Suceava<\/strong><\/p><p class=\"indent-para small-vertical-space\"><img loading=\"lazy\" decoding=\"async\" class=\"alignright wp-image-1349\" src=\"https:\/\/100playground.ro\/wp-content\/uploads\/2020\/09\/strada-goala-1024x683.jpg\" alt=\"\" width=\"300\" height=\"200\" srcset=\"https:\/\/100playground.ro\/wp-content\/uploads\/2020\/09\/strada-goala-1024x683.jpg 1024w, https:\/\/100playground.ro\/wp-content\/uploads\/2020\/09\/strada-goala-300x200.jpg 300w, https:\/\/100playground.ro\/wp-content\/uploads\/2020\/09\/strada-goala-768x512.jpg 768w, https:\/\/100playground.ro\/wp-content\/uploads\/2020\/09\/strada-goala-1536x1024.jpg 1536w, https:\/\/100playground.ro\/wp-content\/uploads\/2020\/09\/strada-goala.jpg 1920w\" sizes=\"(max-width: 300px) 100vw, 300px\" \/>Pandemia a venit ca al doilea cadou de Cr\u0103ciun, tot timpul mai bun dec\u00e2t primul\u2026<\/p><p class=\"indent-para small-vertical-space\">Originar din Suceava, Mecca Coronavirus-ului \u00een Rom\u00e2nia, am tr\u0103it, gr\u0103it \u0219i debitat lucruri \u0219i st\u0103ri demne<br \/>de t\u0103r\u00e2mul de \u00eentalnire al noimei cu Kafka\u2026<\/p><p class=\"indent-para small-vertical-space\">Spre exemplu, cunosc mai multe cadre medicale care au avut C dec\u00e2t care nu avut C\u2026<\/p><p class=\"indent-para small-vertical-space\">Militarul care p\u0103zea intrarea de la Spital m-a somat s\u0103-mi pun masca pe fa\u021b\u0103, de\u0219i eram singur \u00een<br \/>ma\u0219in\u0103\u2026<\/p><p class=\"indent-para small-vertical-space\">Mandachi este cunoscut la nivel interna\u021bional, iar containerul de 1 mil de coco st\u0103 gol pe post de oglind\u0103<br \/>magic\u0103 fotografic\u0103\u2026 Suceava la fel, vedet\u0103 goal\u0103 interna\u021bional\u0103 \u2026<\/p><p class=\"indent-para small-vertical-space\">Dup\u0103 alegeri probabil se vor \u00eenchide \u0219colile fiindc\u0103 profii n-au chef de \u0219coal\u0103 \u0219i este prea riscant\u2026 vorba<br \/>aia: timpul trece, pietrele r\u0103m\u00e2n\u2026<\/p><p class=\"indent-para small-vertical-space\">\u00cemi exprim recuno\u0219tin\u021ba pentru: medici, poli\u021bi\u0219ti, asistente (cadre medicale), pompieri, poli\u021bi\u0219ti \u0219i mul\u021bi<br \/>al\u021bii care au meserii reale \u0219i f\u0103r\u0103 de care am fi 0 barat.<\/p><p class=\"indent-para small-vertical-space\">Cunosc mai mul\u021bi oameni care stau degeaba \u0219i primesc salarii foarte bune dec\u00e2t oameni care muncesc \u0219i<br \/>primesc bani.<\/p><p class=\"indent-para small-vertical-space\">Spitalul din Suceava este bec, iar aici nu vorbesc ironic, chiar este mult peste 90 % din cl\u0103dirile<br \/>comuniste unde se face omul bine in Rom\u00e2nica\u2026<\/p><p class=\"indent-para small-vertical-space\">Spirtul \u0219i clorul sunt foarte ok! De asemeni, s\u0103punul!<\/p><p class=\"indent-para small-vertical-space\">P\u00e2inea la M este 5 ron, mai scump\u0103 cu 2,71 ron dec\u00e2t cea din Germ\u0103nica! La ta\u021bi ni-i greu\u2026 mai ales<br \/>celor care fac specul\u0103 cu m\u0103\u0219ti\u2026<\/p><p class=\"indent-para small-vertical-space\">E bine c\u0103 ardem mai pu\u021bin gaz \u0219i c\u0103 benzina e mai ieftin\u0103, vom tr\u0103i cu 10 zile mai mult \u00eenainte s\u0103 d\u0103m foc<br \/>la planet\u0103, iar \u00eenc\u0103lzirea global\u0103 e un mit electoral, fiindc\u0103 nu am dat drumul la central\u0103 pe 26 Mai de<br \/>ziua mea. A\u0219tept cu ner\u0103bdare \u00eent\u00e2lnirea norului Saharian cu cel din Bokovina s\u0103 v\u0103d care c\u00e2\u0219tig\u0103!<\/p><p class=\"indent-para small-vertical-space\">Social media este foarte toxic\u0103, polarizeaz\u0103, divide \u0219i avem nevoie de multe, multe reglement\u0103ri. De<br \/>asemeni, avem nevoie de legi, judec\u0103tori, norme \u0219i iar legi \u00een acest sens.<\/p><p class=\"indent-para small-vertical-space\">\u0218i evident c\u00e2teva sfaturi:<\/p><ul><li>Vede\u021bi-v\u0103 de via\u021b\u0103!<\/li><li>\u00cenchide\u021bi notific\u0103rile de pe social, mail, \u0219i toate aplica\u021biile din telefon \u2013 \u00ee\u021bi atac\u0103 karma inutil \u0219i \u00ee\u021bi<br \/>suge energie pozitiv\u0103.<\/li><li>Face\u021bi sport, be\u021bi 2 litri de ap\u0103 pe zi \u0219i folosi\u021bi s\u0103punul, lumea \u00eenc\u0103 nu s-a terminat.<\/li><\/ul>\t\t\t\t\t\t\t\t<\/div>\n\t\t\t\t<\/div>\n\t\t\t\t\t<\/div>\n\t\t<\/div>\n\t\t\t\t\t<\/div>\n\t\t<\/section>\n\t\t\t\t<\/div>\n\t\t<\/div>\n                <\/div><div class=\"eael-accordion-list\">\n                <div id=\"pandemia-boule-de-neige-ctre-aprecierea-lucrurilor-simple-de-cristina-ungurean-din-covasna\" class=\"elementor-tab-title eael-accordion-header\" tabindex=\"0\" data-tab=\"12\" aria-controls=\"elementor-tab-content-16512\"><span class=\"eael-advanced-accordion-icon-closed\"><i aria-hidden=\"true\" class=\"fa-accordion-icon fas fa-pencil-alt\"><\/i><\/span><span class=\"eael-advanced-accordion-icon-opened\"><i aria-hidden=\"true\" class=\"fa-accordion-icon fas fa-minus\"><\/i><\/span><span class=\"eael-accordion-tab-title\">Pandemia, \"boule de neige\" c\u0103tre aprecierea lucrurilor simple - de Cristina Ungurean, din Covasna<\/span><i aria-hidden=\"true\" class=\"fa-toggle fas fa-angle-right\"><\/i><\/div><div id=\"elementor-tab-content-16512\" class=\"eael-accordion-content clearfix\" data-tab=\"12\" aria-labelledby=\"pandemia-boule-de-neige-ctre-aprecierea-lucrurilor-simple-de-cristina-ungurean-din-covasna\"><style><\/style>\t\t<div data-elementor-type=\"section\" data-elementor-id=\"1409\" class=\"elementor elementor-1409\">\n\t\t\t\t\t\t<section class=\"has_eae_slider elementor-section elementor-top-section elementor-element elementor-element-4cac70c elementor-section-boxed elementor-section-height-default elementor-section-height-default\" data-eae-slider=\"409\" data-id=\"4cac70c\" data-element_type=\"section\">\n\t\t\t\t\t\t<div class=\"elementor-container elementor-column-gap-default\">\n\t\t\t\t\t<div class=\"has_eae_slider elementor-column elementor-col-100 elementor-top-column elementor-element elementor-element-7592980\" data-eae-slider=\"73136\" data-id=\"7592980\" data-element_type=\"column\">\n\t\t\t<div class=\"elementor-widget-wrap elementor-element-populated\">\n\t\t\t\t\t\t<div class=\"elementor-element elementor-element-7c9108f elementor-widget elementor-widget-text-editor\" data-id=\"7c9108f\" data-element_type=\"widget\" data-widget_type=\"text-editor.default\">\n\t\t\t\t<div class=\"elementor-widget-container\">\n\t\t\t\t\t\t\t\t\t<p class=\"indent-para small-vertical-space\"><img loading=\"lazy\" decoding=\"async\" class=\"alignright wp-image-1569\" src=\"https:\/\/100playground.ro\/wp-content\/uploads\/2020\/11\/snowball-1024x685.jpg\" alt=\"\" width=\"350\" height=\"234\" srcset=\"https:\/\/100playground.ro\/wp-content\/uploads\/2020\/11\/snowball-1024x685.jpg 1024w, https:\/\/100playground.ro\/wp-content\/uploads\/2020\/11\/snowball-300x201.jpg 300w, https:\/\/100playground.ro\/wp-content\/uploads\/2020\/11\/snowball-768x514.jpg 768w, https:\/\/100playground.ro\/wp-content\/uploads\/2020\/11\/snowball-1536x1028.jpg 1536w, https:\/\/100playground.ro\/wp-content\/uploads\/2020\/11\/snowball.jpg 1920w\" sizes=\"(max-width: 350px) 100vw, 350px\" \/>Via\u0163a \u00eenainte de pandemie era fain\u0103 de tot pentru mine. Eram una dintre ciuda\u0163ii \u0103ia c\u0103rora chiar le pl\u0103cea s\u0103 mearg\u0103 la lucru. Jobul \u00een sine era \u015fi \u00eenc\u0103 e super: marketing specialist la o multina\u0163ional\u0103, ce-mi\npermitea s\u0103 c\u0103l\u0103toresc prin Europa \u015fi s\u0103 \u00eenv\u0103\u0163 mereu lucruri noi. Puteam s\u0103 lucrez de oriunde, dar preferam s\u0103 merg la birou, fiindc\u0103 nu era doar un loc de munc\u0103, ci spa\u0163iul unde puteam s\u0103 \u00eemp\u0103rt\u0103\u015fesc nout\u0103\u0163ile, glumele cu colegii \u015fi de unde s\u0103-mi iau energie s\u0103 lucrez. Naveta cas\u0103 &#8211; birou e pentru mul\u0163i o corvoad\u0103. Pentru mine fiecare drum cu busul era o aventur\u0103: puteam evada prin citit \u00een alte lumi \u015fi locuri; sau m\u0103 mai \u00eent\u00e2lneam cu oameni cunoscu\u0163i \u015fi povesteam vrute \u015fi nevrute.<\/p>\n<p class=\"indent-para small-vertical-space\">Aveam \u015fi \u201csuper-puterea\u201d de a m\u0103 deta\u015fa complet de toate probleme de la munc\u0103. De cum plecam de la birou, \u00eemi \u00eencepea via\u0163a social\u0103 : nu era sear\u0103 \u00een care s\u0103 nu ies la o bere cu prietenii sau poate la un\nconcert fain metal.<\/p>\n<p class=\"indent-para small-vertical-space\">R\u0103m\u0103sesem \u015fi single relativ recent. Eliberat\u0103 dup\u0103 o rela\u0163ie lung\u0103 de 4 ani, \u00een care nu m-am sim\u0163it apreciat\u0103, eram gata de experien\u0163e noi. M-am reconectat cu un tip dup\u0103 8 ani. Nu \u0163ineam minte multe\ndespre el, numai c\u0103 \u00eemi pl\u0103cea felul lui de a fi: liber, sociabil, mereu cu z\u00e2mbetul pe buze \u015fi foarte sexy. L-am reg\u0103sit la fel de atractiv, dar mai matur, pus pe fapte mari. Am petrecut multe ore pe Facebook vorbind despre idei, pasiuni, \u0163eluri \u00een via\u0163\u0103, e\u015fecuri, teorii ale conspira\u0163iei \u015fi schimb\u00e2nd glumi\u0163e cu mesaje ascunse.<\/p>\n<p class=\"indent-para small-vertical-space\">Apoi, din martie, totul s-a schimbat. Mi-am dat seama c\u0103 nu m\u0103 \u00eempac foarte bine cu lucrul de acas\u0103. Munca \u00een sine a r\u0103mas la fel \u015fi, slav\u0103 Domnului, cu multe proiecte \u00eenc\u0103 de realizat, dar \u00eemi lipsesc discu\u0163iile la cafea cu colegii \u015fi naveta birou &#8211; cas\u0103. Cum s-au \u00eenchis toate localurile, nu mai aveam unde s\u0103 ies s\u0103 socializez \u015fi dintr-o dat\u0103 Facebook-ul \u015fi apelurile video au devenit mai importante dec\u00e2t a\u015f fi dorit eu vreodat\u0103. \u00cemi lipsesc concertele nespus! Atmosfera, muzica, oamenii, p\u00e2n\u0103 \u015fi cozile din fa\u0163a barului\nsau a toaletei\u2026! \u00cemi petrec mai bine de 90% din timp \u00een acela\u015fi loc \u015fi la c\u00e2t de fain e apartamentul, pe at\u00e2t a \u00eenceput s\u0103 mi se urasc\u0103 s\u0103 stau \u00een el. S\u0103 trec dintr-o dat\u0103 de la o via\u0163\u0103 sociabil\u0103 la un fel de arest la domiciliu a fost mai r\u0103u dec\u00e2t m\u0103 a\u015fteptam. Am \u00eenceput s\u0103 am mici atacuri de panic\u0103 \u015fi insomnii ur\u00e2te. Nu am \u00eemp\u0103rt\u0103\u015fit asta cu mama, sora sau prietenii mei, pentru c\u0103 nu mi se p\u0103rea o problem\u0103 at\u00e2t de\nmare, fa\u0163\u0103 de ce se \u00eent\u00e2mpla \u00een jurul meu.<\/p>\n<p class=\"indent-para small-vertical-space\">Ce m-a ajutat enorm a fost leg\u0103tura reluat\u0103 cu M. Discu\u0163iile lungi \u015fi ocazionalele contraziceri m-au f\u0103cut s\u0103-mi pice cu tronc o a doua oar\u0103. Nu credeam c\u0103 este posibil a\u015fa ceva! Cum are studii \u00een  sihologie, m-a ajutat \u015fi cu atacurile de panic\u0103, prin sfaturi obiective. Am observat c\u0103 dac\u0103 iau fiecare zi pas cu pas, \u00een loc s\u0103 m\u0103 g\u00e2ndesc la ce va fi peste un an-doi, m\u0103 lini\u015fte\u015fte.<\/p>\n<p class=\"indent-para small-vertical-space\">Din aproape \u00een aproape, mi-am ridicat tonusul. Asta mi-a readus apetitul pentru citit \u015fi inspira\u0163ia pentru scris poezii, ideea de a crea \u00een fiecare diminea\u0163\u0103 \u201cvirtual coffee call\u201d cu colegii \u015fi mi-a redeschis apetitul de mers pe munte.<\/p>\n<p class=\"indent-para small-vertical-space\">Muntele a fost mereu ca un personaj aparent pasiv pentru mine. De mic\u0103 tata ne ducea pe mine \u015fi sora mea la cules de ciuperci \u00een p\u0103durile din Covasna, unde ne-am n\u0103scut. Atunci am \u00eenv\u0103\u0163at cum s\u0103\ndeosebesc ciupercile comestibile de cele otr\u0103vitoare, denumirile copacilor \u015fi cum s\u0103-\u0163i dai seama dac\u0103 e vreun animal s\u0103lbatic prin preajm\u0103. Pe m\u0103sur\u0103 ce am crescut, m-am dep\u0103rtat de munte, din p\u0103cate, \u00eens\u0103 pandemia m-a readus aproape de masivii pietro\u015fi. Cea mai frumoas\u0103 drume\u0163ie recent\u0103 a fost cea spre Lacul Z\u0103noaga, din mun\u0163ii Retezat. De\u015fi a fost dificil\u0103 \u015fi cea mai lung\u0103 dintre drume\u0163iile de anul acesta, \u00eemi va r\u0103m\u00e2ne mereu \u00een memorie. Nu voi uita niciodat\u0103 mersul (ce p\u0103rea atunci) interminabil prin\np\u0103durea de conifere at\u00e2t de uscat\u0103, \u00eenc\u00e2t sc\u00e2r\u0163\u00e2ia \u00een b\u0103taia v\u00e2ntului ca o u\u015f\u0103 ce se deschide \u00eencet, potecile croite printre jnepeni \u015fi st\u00e2nci acoperite cu licheni, refugiul f\u0103cut din pietre de pe V\u00e2rful Zlata, adierea incredibil de cald\u0103 de pe poiana montan\u0103 \u015fi sentimentul de minun\u0103\u0163ie \u015fi nimicnicie \u00een fa\u0163a c\u0103ld\u0103rii dintre masivii pietro\u015fi, ce ad\u0103postesc cel mai ad\u00e2nc lac glaciar din \u0163ar\u0103: Z\u0103noaga! Doar lacrimile ce mi-au \u00eence\u021bo\u0219at privirea au putut s\u0103 exprime ce sim\u0163eam eu atunci.<\/p>\n<p class=\"indent-para\">Pentru momente ca acestea \u015fi multe altele ce o s\u0103 vin\u0103 din alte drume\u0163ii \u00eei mul\u0163umesc pandemiei pentru lec\u0163ia primit\u0103: s\u0103 apreciem lucrurile simple, momentele reale \u015fi mun\u0163ii no\u015ftri rom\u00e2ne\u015fti superbi!<\/p>\t\t\t\t\t\t\t\t<\/div>\n\t\t\t\t<\/div>\n\t\t\t\t\t<\/div>\n\t\t<\/div>\n\t\t\t\t\t<\/div>\n\t\t<\/section>\n\t\t\t\t<\/div>\n\t\t<\/div>\n                <\/div><div class=\"eael-accordion-list\">\n                <div id=\"pandemia-din-tine-de-ruxandra-din-covasna\" class=\"elementor-tab-title eael-accordion-header\" tabindex=\"0\" data-tab=\"13\" aria-controls=\"elementor-tab-content-16513\"><span class=\"eael-advanced-accordion-icon-closed\"><i aria-hidden=\"true\" class=\"fa-accordion-icon fas fa-pencil-alt\"><\/i><\/span><span class=\"eael-advanced-accordion-icon-opened\"><i aria-hidden=\"true\" class=\"fa-accordion-icon fas fa-minus\"><\/i><\/span><span class=\"eael-accordion-tab-title\">Pandemia din tine - de Ruxandra, din Covasna<\/span><i aria-hidden=\"true\" class=\"fa-toggle fas fa-angle-right\"><\/i><\/div><div id=\"elementor-tab-content-16513\" class=\"eael-accordion-content clearfix\" data-tab=\"13\" aria-labelledby=\"pandemia-din-tine-de-ruxandra-din-covasna\"><style><\/style>\t\t<div data-elementor-type=\"section\" data-elementor-id=\"1453\" class=\"elementor elementor-1453\">\n\t\t\t\t\t\t<section class=\"has_eae_slider elementor-section elementor-top-section elementor-element elementor-element-46bd675 elementor-section-boxed elementor-section-height-default elementor-section-height-default\" data-eae-slider=\"25194\" data-id=\"46bd675\" data-element_type=\"section\">\n\t\t\t\t\t\t<div class=\"elementor-container elementor-column-gap-default\">\n\t\t\t\t\t<div class=\"has_eae_slider elementor-column elementor-col-100 elementor-top-column elementor-element elementor-element-3dd88c8\" data-eae-slider=\"87144\" data-id=\"3dd88c8\" data-element_type=\"column\">\n\t\t\t<div class=\"elementor-widget-wrap elementor-element-populated\">\n\t\t\t\t\t\t<div class=\"elementor-element elementor-element-949cb64 elementor-widget elementor-widget-text-editor\" data-id=\"949cb64\" data-element_type=\"widget\" data-widget_type=\"text-editor.default\">\n\t\t\t\t<div class=\"elementor-widget-container\">\n\t\t\t\t\t\t\t\t\t<p>C\u00e2nd pandemia e-n ti<img loading=\"lazy\" decoding=\"async\" class=\"alignright wp-image-1373\" src=\"https:\/\/100playground.ro\/wp-content\/uploads\/2020\/10\/padure-spre-cer-683x1024.jpg\" alt=\"pandemia din tine\" width=\"270\" height=\"404\" srcset=\"https:\/\/100playground.ro\/wp-content\/uploads\/2020\/10\/padure-spre-cer-683x1024.jpg 683w, https:\/\/100playground.ro\/wp-content\/uploads\/2020\/10\/padure-spre-cer-200x300.jpg 200w, https:\/\/100playground.ro\/wp-content\/uploads\/2020\/10\/padure-spre-cer-768x1152.jpg 768w, https:\/\/100playground.ro\/wp-content\/uploads\/2020\/10\/padure-spre-cer-1024x1536.jpg 1024w, https:\/\/100playground.ro\/wp-content\/uploads\/2020\/10\/padure-spre-cer-1366x2048.jpg 1366w, https:\/\/100playground.ro\/wp-content\/uploads\/2020\/10\/padure-spre-cer.jpg 1667w\" sizes=\"(max-width: 270px) 100vw, 270px\" \/>ne<br \/>Tu cum alegi s\u0103 o vezi?<br \/>Ce e \u00een tine atunci c\u00e2nd alergi?<br \/>C\u00e2nd r\u0103gazul\u00a0<\/p><p>nu-i sacru<\/p><p>\u0218i alergi maratoane<br \/>C\u00e2nd corpul n-ajunge s\u0103 \u00ee\u021bi spun\u0103 s\u0103 stai<br \/>Iar tu doar te pierzi printre r\u00e2nduri de g\u00e2nduri<br \/>\u0218i sarcini vitale.<\/p><p>Natura cum st\u0103?<br \/>Cum are r\u0103gaz?<br \/>Cum poate s\u0103 \u00ee\u0219i lase frunza s\u0103 cad\u0103<br \/>\u0218i s\u0103 a\u0219tepte o iarn\u0103 apoi s\u0103 o revad\u0103.<\/p><p>Cum poate \u201da tr\u0103i\u201d s\u0103 fie de-ajuns?<br \/>Dar nu pentru tine<br \/>C\u0103ci cursa e mereu \u00eenspre a face mai mult?<br \/>Cum poate \u201da tr\u0103i\u201d s\u0103 nu fie de-ajuns?<br \/>C\u00e2nd inima \u00ee\u021bi cere r\u0103gaz de sim\u021bire.<br \/>C\u00e2nd doar momentul e via\u021b\u0103<br \/>Dar tu alergi printre ele<br \/>\u0218i r\u0103m\u00e2i doar cu golul<br \/>Dintre dou\u0103 momente.<\/p><p>C\u00e2nd pandemia e-n tine<br \/>Poate e timpul s\u0103 stai.<\/p><p>\u00cen moment,<br \/>\u00cen \u00eentreg<br \/>\u00cen sufletul t\u0103u.<\/p>\t\t\t\t\t\t\t\t<\/div>\n\t\t\t\t<\/div>\n\t\t\t\t\t<\/div>\n\t\t<\/div>\n\t\t\t\t\t<\/div>\n\t\t<\/section>\n\t\t\t\t<\/div>\n\t\t<\/div>\n                <\/div><div class=\"eael-accordion-list\">\n                <div id=\"rnduri-din-timp-de-pandemie-de-roxanne\" class=\"elementor-tab-title eael-accordion-header\" tabindex=\"0\" data-tab=\"14\" aria-controls=\"elementor-tab-content-16514\"><span class=\"eael-advanced-accordion-icon-closed\"><i aria-hidden=\"true\" class=\"fa-accordion-icon fas fa-pencil-alt\"><\/i><\/span><span class=\"eael-advanced-accordion-icon-opened\"><i aria-hidden=\"true\" class=\"fa-accordion-icon fas fa-minus\"><\/i><\/span><span class=\"eael-accordion-tab-title\">R\u00e2nduri din timp de pandemie - de Roxanne<\/span><i aria-hidden=\"true\" class=\"fa-toggle fas fa-angle-right\"><\/i><\/div><div id=\"elementor-tab-content-16514\" class=\"eael-accordion-content clearfix\" data-tab=\"14\" aria-labelledby=\"rnduri-din-timp-de-pandemie-de-roxanne\"><style><\/style>\t\t<div data-elementor-type=\"section\" data-elementor-id=\"1444\" class=\"elementor elementor-1444\">\n\t\t\t\t\t\t<section class=\"has_eae_slider elementor-section elementor-top-section elementor-element elementor-element-bc4dafb elementor-section-boxed elementor-section-height-default elementor-section-height-default\" data-eae-slider=\"95179\" data-id=\"bc4dafb\" data-element_type=\"section\">\n\t\t\t\t\t\t<div class=\"elementor-container elementor-column-gap-default\">\n\t\t\t\t\t<div class=\"has_eae_slider elementor-column elementor-col-100 elementor-top-column elementor-element elementor-element-9ca3a63\" data-eae-slider=\"45753\" data-id=\"9ca3a63\" data-element_type=\"column\">\n\t\t\t<div class=\"elementor-widget-wrap elementor-element-populated\">\n\t\t\t\t\t\t<div class=\"elementor-element elementor-element-4d0a50f elementor-widget elementor-widget-text-editor\" data-id=\"4d0a50f\" data-element_type=\"widget\" data-widget_type=\"text-editor.default\">\n\t\t\t\t<div class=\"elementor-widget-container\">\n\t\t\t\t\t\t\t\t\t<p class=\"indent-para small-vertical-space\"><img loading=\"lazy\" decoding=\"async\" class=\"alignright wp-image-1564\" src=\"https:\/\/100playground.ro\/wp-content\/uploads\/2020\/11\/sailing-boat-1024x682.jpg\" alt=\"\" width=\"350\" height=\"233\" srcset=\"https:\/\/100playground.ro\/wp-content\/uploads\/2020\/11\/sailing-boat-1024x682.jpg 1024w, https:\/\/100playground.ro\/wp-content\/uploads\/2020\/11\/sailing-boat-300x200.jpg 300w, https:\/\/100playground.ro\/wp-content\/uploads\/2020\/11\/sailing-boat-768x511.jpg 768w, https:\/\/100playground.ro\/wp-content\/uploads\/2020\/11\/sailing-boat-1536x1022.jpg 1536w, https:\/\/100playground.ro\/wp-content\/uploads\/2020\/11\/sailing-boat.jpg 1920w\" sizes=\"(max-width: 350px) 100vw, 350px\" \/>Cuvintele care alearg\u0103 pe o foaie alb\u0103 alc\u0103tuiesc un frumos &#8222;desen&#8221; monocromatic. Sentimentele mele s-au transformat \u00een amintiri alb-negru. Via\u021ba<br \/>este o metafor\u0103 care uneori p\u0103teaz\u0103 p\u00e2nza noastr\u0103 \u00een diferite forme \u0219i m\u0103rimi.\u00a0M\u0103 uit pe fereastr\u0103 \u0219i z\u00e2mbesc. Umbra bradului \u00eemi \u021bine de r\u0103coare,<br \/>pic\u00e2nd pe patul alb. Ma simt ca o Madon\u0103, rece \u0219i trist\u0103, care \u00ee\u0219i dore\u0219te s\u0103 fie real\u0103.<\/p><p class=\"indent-para small-vertical-space\">Ochii mei mici privesc cerul din nou, picioarele mele alearg\u0103 dup\u0103 p\u0103s\u0103ri. M\u0103 simt \u00een via\u021b\u0103 din nou, simt c\u0103 pot spera la o noua zi mai bun\u0103. Lumina\u00a0 arz\u0103toare a felinarului se reflect\u0103 lin, pe podeaua mea maronie,<br \/>\u00eenc\u0103lzind-o treptat, parc\u0103 iar spune o poveste. Aceast\u0103 podea mi-a fost un bun prieten \u00een aceste luni fumurii, dar azi \u00eemi este str\u0103in\u0103. Afar\u0103 totul este la fel, parc\u0103 nimic nu s-a schimbat.\u00a0Natura decoreaz\u0103 peisajul<br \/>inimii mele. V\u00e2ntul \u00eemi m\u00e2ng\u00e2ie u\u0219or p\u0103rul moale, de parc\u0103 nu o s\u0103 m\u0103 mai vad\u0103 niciodat\u0103.<\/p><p class=\"indent-para small-vertical-space\">Pe strad\u0103 lumea umbl\u0103 sobru, cu o diferit\u0103 fa\u021b\u0103. M\u0103 simt str\u0103in\u0103 de mine, masca \u00eemi acoper\u0103 imperfec\u021biunile, distrug\u00e2ndu-m\u0103 \u00een acela\u0219i timp. &#8222;Eu&#8221; am<br \/>disp\u0103rut treptat, iar inima mea s-a r\u0103cit odat\u0103 cu apari\u021bia primei ploi de var\u0103.\u00a0M\u0103 uit \u00een oglind\u0103, reflexia mea se tulbur\u0103 de fiecare dat\u0103 c\u00e2nd \u00eencerc s\u0103<br \/>z\u00e2mbesc, fiindc\u0103 cu aceast\u0103 masc\u0103 sunt un str\u0103in care a\u0219teapt\u0103 un r\u0103spuns. Ma simt ca o lec\u021bie din cartea lui Carl Jung, m\u0103\u0219tiile m\u0103 apas\u0103 \u0219i m\u0103 las\u0103 f\u0103r\u0103<br \/>suflare. Sunt din ce \u00een ce mai grele.<\/p><p class=\"indent-para small-vertical-space\">Alunec pe podea, \u0219i nu este nimeni care sa fie vinovat pentru c\u0103 nu pot s\u0103 despachetez ceva ce nu a fost l\u0103sat. \u00cemi aprind lum\u00e2narea, iar caldura ei m\u0103 m\u00e2ng\u00e2ie.<\/p><p class=\"indent-para small-vertical-space\">Dac\u0103 a\u0219 spune c\u0103 \u00eemi este dor m-ar crede cineva? M-ar m\u00e2ng\u00e2ia cineva? Ai putea s\u0103 dai timpul \u00eenapoi?<\/p><p class=\"indent-para small-vertical-space\">Regretul m\u0103 sugrum\u0103 elegant ca o reprezenta\u021bie de balet \u00eentr-o sal\u0103 goal\u0103, \u00eentunecat\u0103.\u00a0Pot spune c\u0103 tr\u0103iesc \u00eentr-un tablou \u00een care\u00a0 lumea este predestinat\u0103 s\u0103 fie &#8222;trist\u0103&#8221;, dar le pot auzi speran\u021ba oamenilor de dup\u0103 culoare.<\/p><p class=\"indent-para small-vertical-space\">Viitorul? Este o form\u0103 de visare care niciodat\u0103 nu va r\u0103m\u00e2ne la fel, oarecum m\u0103 duce spre disperare acest fapt divers. S\u0103 m\u0103 mint?\u00a0 Nu voi\u00a0mai putea, mereu \u00eemi voi reaminti de aceast\u0103 clip\u0103 f\u0103r\u0103 culoare. Aceasta boala imperfect\u0103 m-a f\u0103cut sa realizez c\u0103 este \u00een regul\u0103 s\u0103 fii tu \u00eensu\u021bi, controlul c\u0103utat este doar o iluzie proiectat\u0103 de creierul uman.<\/p><p class=\"indent-para small-vertical-space\">C\u00e2nd lumea spune c\u0103 aceast\u0103 pandemie a fost dur\u0103, pot numai s\u0103 sur\u00e2d amar \u0219i s\u0103 \u00eemi pierd privirea cristalin\u0103. Oare chiar pot s\u0103 vorbesc? Vocea din oglind\u0103 \u00eemi spune s\u0103 tr\u0103iesc, dar z\u00e2mbetul meu e pe partea ei. Ploaia \u00eemi<br \/>love\u0219te geamul cu putere, \u00eemi \u00eenchid ochii \u0219i parc\u0103 a\u0219 vrea s\u0103 \u00eei spun la ce m\u0103 g\u00e2ndesc&#8230;<\/p><p class=\"indent-para small-vertical-space\">Un nou suflet, poate mai trist dec\u00e2t la \u00eenceput, dar mai \u00eenzestrat spiritual dec\u00e2t oric\u00e2nd. Acea lumin\u0103 care \u00eemi \u00eenc\u0103lzea camera s-a stins, l\u0103s\u00e2nd fumul sub\u021bire s\u0103 m\u0103<br \/>\u00een\u021bepe, pres\u00e2ndu-mi pieptul fierbinte. A\u0219 dori s\u0103 o aprind, dar parc\u0103 nu ar mai vrea s\u0103 lumineze, doar pura ei existen\u021b\u0103 m\u0103 face s\u0103 o iubesc.<\/p><p class=\"indent-para small-vertical-space\">&#8222;A\u0219a au fost \u0219i aceste luni pentru mine&#8221;, aceast\u0103 fraz\u0103 se repet\u0103 mereu, parc\u0103 ar fi un vinil care se deruleaz\u0103 \u00een lini\u0219te&#8230;<\/p><p class=\"indent-para small-vertical-space\">Ca o floare care cre\u0219te oriunde f\u0103r\u0103 s\u0103 \u0219tie dac\u0103 va avea o surs\u0103 de ap\u0103, care cre\u0219te cu speran\u021ba c\u0103 va \u00eembog\u0103\u021bi aceast\u0103 via\u021b\u0103 trec\u0103toare, m\u0103 rog \u0219i pl\u00e2ng l\u00e2ng\u0103 felinar. C\u00e2nd o sa fie greu, \u00eemi voi \u00eenchide\u00a0 pleoapele u\u0219or \u0219i \u00eemi voi las\u0103 capul pe perna cea alb\u0103, care \u00eemi este prieten \u0219i du\u0219man.<\/p><p class=\"indent-para small-vertical-space\">P\u00e2n\u0103\u00a0 atunci, v\u00e2ntul o s\u0103 continue s\u0103 adie pentru a ne spune c\u00e2t de mult ne-a a\u0219teptat s\u0103 ne revad\u0103, iar soarele va alerga \u00eempreun\u0103 cu dragostea mea pentru aceast\u0103 lume.<br \/>Aceste propozi\u021bii se deruleaz\u0103 mereu, iar realitatea pare ireal\u0103.<\/p><p class=\"indent-para small-vertical-space\">M\u0103 trezesc din nou, capul m\u0103 doare, iar ochii mei pufo\u0219i\u00a0 se fixeaz\u0103 asupra ferestrei mari. M\u00e2inile \u00eemi tremur\u0103 \u00eencet, iar lacrimile \u00eemi par dulci \u00een aceast\u0103<br \/>diminea\u021b\u0103. \u00cen jur totul este pustiu, simt durerea care m\u0103 cuprinde. Acelea\u0219i cuvinte \u0219i amintiri se deruleaz\u0103 treptat, oglinda \u00eemi r\u00e2de cu pl\u0103cere. M-a fermecat cu a mea reflexie. Aud o muzica asurzitoare, ochii mei se a\u021bintesc spre oglind\u0103. M\u0103 simt ca \u00eentr-o poem\u0103&#8230;<\/p><p class=\"indent-para small-vertical-space\">Strada este pustie, m-am trezit \u00eentr-o alt\u0103 zi de pandemie.<\/p>\t\t\t\t\t\t\t\t<\/div>\n\t\t\t\t<\/div>\n\t\t\t\t\t<\/div>\n\t\t<\/div>\n\t\t\t\t\t<\/div>\n\t\t<\/section>\n\t\t\t\t<\/div>\n\t\t<\/div>\n                <\/div><div class=\"eael-accordion-list\">\n                <div id=\"scrisoare-din-timpul-pandemiei-de-ilinca-popescu-din-ploieti\" class=\"elementor-tab-title eael-accordion-header\" tabindex=\"0\" data-tab=\"15\" aria-controls=\"elementor-tab-content-16515\"><span class=\"eael-advanced-accordion-icon-closed\"><i aria-hidden=\"true\" class=\"fa-accordion-icon fas fa-pencil-alt\"><\/i><\/span><span class=\"eael-advanced-accordion-icon-opened\"><i aria-hidden=\"true\" class=\"fa-accordion-icon fas fa-minus\"><\/i><\/span><span class=\"eael-accordion-tab-title\">Scrisoare din timpul pandemiei - de Ilinca Popescu, din Ploie\u0219ti<\/span><i aria-hidden=\"true\" class=\"fa-toggle fas fa-angle-right\"><\/i><\/div><div id=\"elementor-tab-content-16515\" class=\"eael-accordion-content clearfix\" data-tab=\"15\" aria-labelledby=\"scrisoare-din-timpul-pandemiei-de-ilinca-popescu-din-ploieti\"><style><\/style>\t\t<div data-elementor-type=\"section\" data-elementor-id=\"1413\" class=\"elementor elementor-1413\">\n\t\t\t\t\t\t<section class=\"has_eae_slider elementor-section elementor-top-section elementor-element elementor-element-7ef2962 elementor-section-boxed elementor-section-height-default elementor-section-height-default\" data-eae-slider=\"53999\" data-id=\"7ef2962\" data-element_type=\"section\">\n\t\t\t\t\t\t<div class=\"elementor-container elementor-column-gap-default\">\n\t\t\t\t\t<div class=\"has_eae_slider elementor-column elementor-col-100 elementor-top-column elementor-element elementor-element-04f5167\" data-eae-slider=\"22456\" data-id=\"04f5167\" data-element_type=\"column\">\n\t\t\t<div class=\"elementor-widget-wrap elementor-element-populated\">\n\t\t\t\t\t\t<div class=\"elementor-element elementor-element-ab25958 elementor-widget elementor-widget-text-editor\" data-id=\"ab25958\" data-element_type=\"widget\" data-widget_type=\"text-editor.default\">\n\t\t\t\t<div class=\"elementor-widget-container\">\n\t\t\t\t\t\t\t\t\t<p class=\"indent-para small-vertical-space\"><img loading=\"lazy\" decoding=\"async\" class=\"alignright wp-image-1572\" src=\"https:\/\/100playground.ro\/wp-content\/uploads\/2020\/11\/mountain-1024x683.jpg\" alt=\"\" width=\"350\" height=\"233\" srcset=\"https:\/\/100playground.ro\/wp-content\/uploads\/2020\/11\/mountain-1024x683.jpg 1024w, https:\/\/100playground.ro\/wp-content\/uploads\/2020\/11\/mountain-300x200.jpg 300w, https:\/\/100playground.ro\/wp-content\/uploads\/2020\/11\/mountain-768x512.jpg 768w, https:\/\/100playground.ro\/wp-content\/uploads\/2020\/11\/mountain-1536x1024.jpg 1536w, https:\/\/100playground.ro\/wp-content\/uploads\/2020\/11\/mountain.jpg 1920w\" sizes=\"(max-width: 350px) 100vw, 350px\" \/>Orice faci acum, opre\u0219te-te!<\/p><p class=\"indent-para small-vertical-space\">Mergi afar\u0103&#8230; sau mai bine r\u0103m\u00e2i \u00een cas\u0103, ferit\u0103 de tentaculele morbide ale virusului viclean&#8230; Titanii siguran\u021bei sunt \u0219i ei vigilen\u021bi :)&#8230;<\/p><p class=\"indent-para small-vertical-space\">Sun\u0103-\u021bi p\u0103rin\u021bii (dac\u0103 ai norocul ca am\u00e2ndoi s\u0103 fie aici)!<\/p><p class=\"indent-para small-vertical-space\">Ia-\u021bi un r\u0103gaz \u0219i dedic\u0103-\u021bi clipa de azi!<\/p><p class=\"indent-para small-vertical-space\">Anul acesta, marcat de pandemie, a fost de-a dreptul turbulent&#8230; Ai \u00eenv\u0103\u021bat ce \u00eenseamn\u0103 cu adev\u0103rat dragostea pentru omenirea \u00eentreag\u0103, m\u0103sura adev\u0103ratei prietenii, ai devenit o persoan\u0103 con\u0219tient\u0103 de sine&#8230; Locuie\u0219ti \u00een acest ora\u0219 de 17 ani \u0219i e\u0219ti, abia acum, \u00een sf\u00e2r\u0219it, preg\u0103tit s\u0103 mergi la munte, s\u0103 sim\u021bi \u00een\u0103l\u021bimile, pe care te ca\u021beri, ca o bia\u021b\u0103 f\u0103ptur\u0103 s\u0103lb\u0103ticit\u0103 dup\u0103 dezumanizatoarea recluziune&#8230; Abia acum e\u0219ti preg\u0103tit s\u0103 fii prezent, s\u0103 inspiri alveolar aerul eterat \u0219i pur al brazilor, s\u0103 alegi cu tot sufletul itinerarul drume\u021biei, sim\u021bind, \u00een cele mai fine cute ale inimii tale, colbul drumeagurilor anonime, clipocitul izvoarelor&#8230; Nu-i a\u0219a? Abia acum ai devenit con\u0219tient c\u0103 mai de pre\u021b este a a fi dec\u00e2t a avea&#8230; \u0219i ce nepre\u021buit devine sentimentul sinonimiei aparent modeste ale celor dou\u0103 verbe&#8230;Ai o gr\u0103din\u0103, pisici&#8230; \u0219i un c\u0103min?<\/p><p class=\"indent-para small-vertical-space\">Te-ai g\u00e2ndit c\u0103 vei deveni p\u0103rinte \u00een anul 2030, dup\u0103 ce vei fi absolvit Universitatea \u00een 2024&#8230; sau pur \u0219i simplu, c\u0103, \u00eencep\u00e2nd cu iulie 2020, vei pleca, cu ruscacul \u00een spate, \u00eentr-o nou\u0103 c\u0103l\u0103torie ini\u021biatic\u0103? \u0218tii bine c\u0103, orice decizie ai lua, va fi cea corect\u0103. Acum te afli aici \u0219i&#8230; e\u0219ti EXACT ACOLO UNDE TREBUIE S\u0102 TE AFLI \u0219i o dispozi\u021bie, de-a dreptul \u00eencurajator de liric\u0103, te cuprinde: c\u00e2nd luna de opal a lui April d\u0103n\u021buie\u0219te fermecat\u0103 la serb\u0103ri pascale, chiar f\u0103r\u0103 prieteni sau rude al\u0103turi, cu aripi \u00eemprumutate de optimism \u00eenc\u0103p\u0103\u021b\u00e2nat, \u00eensetat\u0103 de dor, de vremuri lini\u0219titoare \u0219i \u00eentrem\u0103toare de trup \u0219i de suflet, te caut tenace, te caut pe tine, rost al lucrurilor, \u201echichirez\u201d al dramelor ce curg pe monitoare, cu prelungire \u00een sufletele noastre angoasate, somate \u00een permanen\u021b\u0103, dornice de alinarea unui \u201eGata! S-a sf\u00e2r\u0219it.\u201d<\/p><p class=\"indent-para small-vertical-space\">Ast\u0103zi, c\u00e2nd mi\u0219c\u0103rile noastre nu mai sunt libere, au nevoie de parafe \u0219i sigilii, zbor cu g\u00e2ndul la atmosfera cald\u0103 a s\u0103lii de clas\u0103, a sanctuarului de cunoa\u0219tere \u0219i idealuri nutrite de mae\u0219tri prometeici&#8230; visez la iconostasul dragii mele bisericu\u021be rurale din care am fost alungat\u0103&#8230; Aici, simt mirosul de prescur\u0103, de cald\u0103 \u00eembr\u0103\u021bi\u0219are a Maicii, aud chemarea unui nou orizont cum mi se repede spre t\u00e2mple, dorul de a auzi un pl\u00e2nset de prunc sc\u0103ld\u00e2ndu-se \u00een cristelni\u021b\u0103, intr\u00e2nd \u00een r\u00e2ndurile dint\u00e2i ale sfin\u021bilor noi ai societ\u0103\u021bii care s\u0103 \u00eemi izb\u0103veasc\u0103 semenii dragi de la pieirea virusului perfid&#8230;<\/p><p class=\"indent-para\">Drag\u0103 sine al viitorului, astfel, \u00ee\u021bi amintesc acum datoria recuno\u0219tin\u021bei, dincolo de c\u00e2teva descoperiri personale ale anului 2020, dincolo de revela\u021biile modelatoare de viitor:<\/p><ul><li style=\"list-style-type: none;\"><ul><li>Ai \u00eenv\u0103\u021bat cum s\u0103-\u021bi onorezi sufletul \u0219i trupul \u00een acest an, dar, mai ales, cum s\u0103 \u00eei onorezi pe cei din jurul t\u0103u.<\/li><li>Ai \u00eenv\u0103\u021bat s\u0103 nu te mul\u021bume\u0219ti cu drumul \u201ecotit\u201d- pur \u0219i simplu, s\u0103 nu te conformezi&#8230;<\/li><li>Viata este prea valoroas\u0103, dar, mai ales, prea scurt\u0103&#8230;<\/li><\/ul><\/li><\/ul><p class=\"indent-para small-vertical-space\">Aminte\u0219te-\u021bi c\u0103 aceast\u0103 versiune actual\u0103 a ta te iube\u0219te, sine al viitorului, iube\u0219te oamenii, mun\u021bii \u0219i marea&#8230; iar sentimentul se va p\u0103stra, indiferent de am\u0103r\u0103ciunea trec\u0103toare a vremurilor!<\/p><p style=\"text-align: right;\"><b>Cu dragoste,<br \/>Sinele t\u0103u din 2020, anul pandemiei Covid-19<\/b><\/p>\t\t\t\t\t\t\t\t<\/div>\n\t\t\t\t<\/div>\n\t\t\t\t\t<\/div>\n\t\t<\/div>\n\t\t\t\t\t<\/div>\n\t\t<\/section>\n\t\t\t\t<\/div>\n\t\t<\/div>\n                <\/div><div class=\"eael-accordion-list\">\n                <div id=\"ziua-pandemiei-de-anonim\" class=\"elementor-tab-title eael-accordion-header\" tabindex=\"0\" data-tab=\"16\" aria-controls=\"elementor-tab-content-16516\"><span class=\"eael-advanced-accordion-icon-closed\"><i aria-hidden=\"true\" class=\"fa-accordion-icon fas fa-pencil-alt\"><\/i><\/span><span class=\"eael-advanced-accordion-icon-opened\"><i aria-hidden=\"true\" class=\"fa-accordion-icon fas fa-minus\"><\/i><\/span><span class=\"eael-accordion-tab-title\">Ziua pandemiei - de Anonim<\/span><i aria-hidden=\"true\" class=\"fa-toggle fas fa-angle-right\"><\/i><\/div><div id=\"elementor-tab-content-16516\" class=\"eael-accordion-content clearfix\" data-tab=\"16\" aria-labelledby=\"ziua-pandemiei-de-anonim\"><style><\/style>\t\t<div data-elementor-type=\"section\" data-elementor-id=\"1619\" class=\"elementor elementor-1619\">\n\t\t\t\t\t\t<section class=\"has_eae_slider elementor-section elementor-top-section elementor-element elementor-element-ed21895 elementor-section-boxed elementor-section-height-default elementor-section-height-default\" data-eae-slider=\"73836\" data-id=\"ed21895\" data-element_type=\"section\">\n\t\t\t\t\t\t<div class=\"elementor-container elementor-column-gap-default\">\n\t\t\t\t\t<div class=\"has_eae_slider elementor-column elementor-col-100 elementor-top-column elementor-element elementor-element-c0db37f\" data-eae-slider=\"2535\" data-id=\"c0db37f\" data-element_type=\"column\">\n\t\t\t<div class=\"elementor-widget-wrap elementor-element-populated\">\n\t\t\t\t\t\t<div class=\"elementor-element elementor-element-e199c69 elementor-widget elementor-widget-text-editor\" data-id=\"e199c69\" data-element_type=\"widget\" data-widget_type=\"text-editor.default\">\n\t\t\t\t<div class=\"elementor-widget-container\">\n\t\t\t\t\t\t\t\t\t<p class=\"indent-para small-vertical-space\"><img loading=\"lazy\" decoding=\"async\" class=\"alignright wp-image-1620\" src=\"https:\/\/100playground.ro\/wp-content\/uploads\/2020\/11\/laptop-1024x683.jpg\" alt=\"\" width=\"350\" height=\"233\" srcset=\"https:\/\/100playground.ro\/wp-content\/uploads\/2020\/11\/laptop-1024x683.jpg 1024w, https:\/\/100playground.ro\/wp-content\/uploads\/2020\/11\/laptop-300x200.jpg 300w, https:\/\/100playground.ro\/wp-content\/uploads\/2020\/11\/laptop-768x512.jpg 768w, https:\/\/100playground.ro\/wp-content\/uploads\/2020\/11\/laptop-1536x1024.jpg 1536w, https:\/\/100playground.ro\/wp-content\/uploads\/2020\/11\/laptop.jpg 1920w\" sizes=\"(max-width: 350px) 100vw, 350px\" \/>Vestibulum sapien neque, tempor posuere convallis sit amet, feugiat eu purus. Sed ac laoreet ipsum, a venenatis ligula. Etiam lobortis pulvinar auctor. Aliquam nisl orci, gravida non elit sed, ultricies ullamcorper nunc.<\/p><p class=\"indent-para small-vertical-space\">Praesent lobortis convallis congue. Curabitur aliquet ante tempus, congue nibh ac, iaculis sem. Vivamus ut neque bibendum felis sollicitudin placerat id sit amet nibh. Nulla laoreet sem porta augue convallis ultrices. Suspendisse ac ultricies magna, vitae scelerisque erat. Proin condimentum mi lacus. Aenean consectetur erat augue, nec pulvinar nisi placerat eu.<\/p><p class=\"indent-para small-vertical-space\">Aenean posuere, purus ac scelerisque tempor, orci tellus placerat erat, non lacinia purus lectus et turpis. Quisque eleifend magna in euismod accumsan. Donec ultricies magna felis, nec ullamcorper nisi molestie sit amet.<\/p><p class=\"indent-para small-vertical-space\">Pellentesque sit amet bibendum quam, sed malesuada eros. Fusce tempor, neque vel fermentum cursus, leo elit scelerisque arcu, sit amet dictum est libero nec ex. Mauris hendrerit varius turpis, ut blandit erat feugiat id.<\/p><p class=\"indent-para small-vertical-space\">In eget aliquam justo, quis fermentum purus. Duis lorem velit, efficitur vitae interdum at, sollicitudin sit amet erat. Pellentesque habitant morbi tristique senectus et netus et malesuada fames ac turpis egestas. Suspendisse lobortis urna libero, quis ullamcorper nisi aliquet vitae.<\/p><p class=\"indent-para small-vertical-space\">Duis aliquam nulla non congue viverra. Nunc varius, magna a pretium mattis, tellus ex euismod nisl, gravida porttitor mauris metus at libero. Sed fermentum pellentesque sollicitudin. Duis luctus vel felis a imperdiet. Praesent non quam et enim sollicitudin sagittis. Nulla placerat metus ex, et blandit quam placerat in. Vestibulum vitae lectus vel lectus tristique tincidunt nec eget sapien. Nullam pharetra nisl et eros gravida mollis.<\/p><p class=\"indent-para small-vertical-space\">Ut euismod diam augue, eu convallis tortor maximus vel. Fusce vitae lorem nec sem tincidunt aliquam.<\/p>\t\t\t\t\t\t\t\t<\/div>\n\t\t\t\t<\/div>\n\t\t\t\t\t<\/div>\n\t\t<\/div>\n\t\t\t\t\t<\/div>\n\t\t<\/section>\n\t\t\t\t<\/div>\n\t\t<\/div>\n                <\/div><\/div>\t\t\t\t<\/div>\n\t\t\t\t<\/div>\n\t\t\t\t<div class=\"elementor-element elementor-element-8140722 elementor-widget-divider--separator-type-pattern elementor-widget-divider--view-line elementor-widget elementor-widget-divider\" data-id=\"8140722\" data-element_type=\"widget\" data-widget_type=\"divider.default\">\n\t\t\t\t<div class=\"elementor-widget-container\">\n\t\t\t\t\t\t\t<div class=\"elementor-divider\" style=\"--divider-pattern-url: url(&quot;data:image\/svg+xml,%3Csvg xmlns=&#039;http:\/\/www.w3.org\/2000\/svg&#039; preserveAspectRatio=&#039;none&#039; overflow=&#039;visible&#039; height=&#039;100%&#039; viewBox=&#039;0 0 24 24&#039; fill=&#039;none&#039; stroke=&#039;black&#039; stroke-width=&#039;1&#039; stroke-linecap=&#039;square&#039; stroke-miterlimit=&#039;10&#039;%3E%3Cpath d=&#039;M0,6c6,0,0.9,11.1,6.9,11.1S18,6,24,6&#039;\/%3E%3C\/svg%3E&quot;);\">\n\t\t\t<span class=\"elementor-divider-separator\">\n\t\t\t\t\t\t<\/span>\n\t\t<\/div>\n\t\t\t\t\t\t<\/div>\n\t\t\t\t<\/div>\n\t\t\t\t<div class=\"elementor-element elementor-element-74911ba eael-team-align-centered elementor-widget elementor-widget-eael-team-member\" data-id=\"74911ba\" data-element_type=\"widget\" data-settings=\"{&quot;_animation&quot;:&quot;none&quot;}\" data-widget_type=\"eael-team-member.default\">\n\t\t\t\t<div class=\"elementor-widget-container\">\n\t\t\t\t\t\n\n\t<div id=\"eael-team-member-74911ba\" class=\"eael-team-item eael-team-members-simple team-avatar-rounded\">\n\t\t<div class=\"eael-team-item-inner\">\n\t\t\t<div class=\"eael-team-image\">\n\t\t\t\t<figure>\n\t\t\t\t\t\t\t\t\t\t<img decoding=\"async\" src=\"https:\/\/100playground.ro\/wp-content\/uploads\/2020\/11\/raluca-e1606478143997.jpg\" alt=\"Raluca - Psiholog\">\n\t\t\t\t\t\t\t\t\t<\/figure>\n\t\t\t\t\n\t\t\t\t\n\t\t\t<\/div>\n\n\t\t\t<div class=\"eael-team-content\">\n\t\t\t\t<h2 class=\"eael-team-member-name\">Raluca<\/h2><h3 class=\"eael-team-member-position\">Psiholog<\/h3>\n\t\t\t\t\t\t\t\t\t\t\t\t\t\t<p class=\"eael-team-text\"><p class=\"indent-para small-vertical-space\"><i>Raluca este psiholog de copii \u0219i psihoterapeut cu formare \u00een psihoterapia experien\u021bial\u0103 de peste 11 ani.<\/i><\/p>\n\n<p class=\"indent-para small-vertical-space\">A absolvit facultatea de psihologie \u0219i apoi un Master \u00een consiliere educa\u021bional\u0103 la Universitatea Transilvania, Bra\u0219ov. De atunci a \u00eenv\u0103\u021bat s\u0103 fie psihoterapeut juc\u00e2ndu-se at\u00e2t la cabinetul particular c\u00e2t \u0219i \u00een cabinetul de consiliere \u0219colar\u0103.<\/p>\n\n<p class=\"indent-para small-vertical-space\">Din 2011 scrie pe <a href=\"https:\/\/www.psihologpentrucopii.ro\" target=\"_blank\">www.psihologpentrucopii.ro<\/a> pentru c\u0103 vrea s\u0103 \u00eempart\u0103 din ce a \u00eenv\u0103\u021bat \u0219i pentru c\u0103 vrea s\u0103 \u00eei educe pe p\u0103rin\u021bi c\u00e2t mai mult referitor la psihologia copiilor. Anul acesta a publicat cartea online <strong>Crizele de furie ale copiilor: ce sunt, de ce apar \u0219i mai ales cum s\u0103 scapi de ele<\/strong>.<\/p>\n\n<p class=\"indent-para small-vertical-space\">C\u00e2nd nu se joac\u0103 cu copiii \u00een cabinet \u00ee\u0219i continu\u0103 joaca cu fiul ei de 4 ani, prilej de punere \u00een practic\u0103 a cuno\u0219tin\u021belor \u0219i surs\u0103 neobosit\u0103 de insipira\u021bie.<\/p><\/p>\n\t\t\t\t\t\t\t<\/div>\n\t\t<\/div>\n\t<\/div>\n\t\t\t\t\t<\/div>\n\t\t\t\t<\/div>\n\t\t\t\t<div class=\"elementor-element elementor-element-1d0a473 scroll-tab elementor-widget elementor-widget-eael-adv-tabs\" data-id=\"1d0a473\" data-element_type=\"widget\" data-widget_type=\"eael-adv-tabs.default\">\n\t\t\t\t<div class=\"elementor-widget-container\">\n\t\t\t\t\t        <div data-scroll-on-click=\"no\" data-scroll-speed=\"300\" id=\"eael-advance-tabs-1d0a473\" class=\"eael-advance-tabs eael-tabs-vertical eael-tab-auto-active\" data-tabid=\"1d0a473\">\n            <div class=\"eael-tabs-nav\">\n                <ul class=\"eael-tab-inline-icon\" role=\"tablist\">\n                                            <li id=\"despre-scris-i-darul-singurtii\" class=\"inactive eael-tab-item-trigger eael-tab-nav-item\" aria-selected=\"true\" data-tab=\"1\" role=\"tab\" tabindex=\"0\" aria-controls=\"despre-scris-i-darul-singurtii-tab\" aria-expanded=\"false\">\n                            \n                                                                <i class=\"fas fa-pen-nib\"><\/i>                                                            \n                                                            <span class=\"eael-tab-title title-after-icon\" >Despre scris \u0219i darul singur\u0103t\u0103\u021bii<\/span>                            \n                                                    <\/li>\n                                            <li id=\"cum-ncepi-s-scrii-terapeutic\" class=\"inactive eael-tab-item-trigger eael-tab-nav-item\" aria-selected=\"false\" data-tab=\"2\" role=\"tab\" tabindex=\"-1\" aria-controls=\"cum-ncepi-s-scrii-terapeutic-tab\" aria-expanded=\"false\">\n                            \n                                                                <i class=\"fas fa-pen-nib\"><\/i>                                                            \n                                                            <span class=\"eael-tab-title title-after-icon\" >Cum \u00eencepi s\u0103 scrii terapeutic?<\/span>                            \n                                                    <\/li>\n                                            <li id=\"despre-puterea-scrisului-sau-ce-facem-cu-gndurile-suprtoare-care-ne-iau-linitea\" class=\"inactive eael-tab-item-trigger eael-tab-nav-item\" aria-selected=\"false\" data-tab=\"3\" role=\"tab\" tabindex=\"-1\" aria-controls=\"despre-puterea-scrisului-sau-ce-facem-cu-gndurile-suprtoare-care-ne-iau-linitea-tab\" aria-expanded=\"false\">\n                            \n                                                                <i class=\"fas fa-pen-nib\"><\/i>                                                            \n                                                            <span class=\"eael-tab-title title-after-icon\" >Despre puterea scrisului sau ce facem cu g\u00e2ndurile sup\u0103r\u0103toare care ne iau lini\u0219tea\u200b<\/span>                            \n                                                    <\/li>\n                    \n                                  <\/ul>\n            <\/div>\n            \n            <div class=\"eael-tabs-content\">\n\t\t        \n                    <div id=\"despre-scris-i-darul-singurtii-tab\" class=\"clearfix eael-tab-content-item inactive\" data-title-link=\"despre-scris-i-darul-singurtii-tab\">\n\t\t\t\t        <p class=\"indent-para small-vertical-space\"><img loading=\"lazy\" decoding=\"async\" class=\"alignright wp-image-1395\" src=\"https:\/\/100playground.ro\/wp-content\/uploads\/2020\/10\/writing-1024x683.jpg\" alt=\"\" width=\"350\" height=\"233\" srcset=\"https:\/\/100playground.ro\/wp-content\/uploads\/2020\/10\/writing-1024x683.jpg 1024w, https:\/\/100playground.ro\/wp-content\/uploads\/2020\/10\/writing-300x200.jpg 300w, https:\/\/100playground.ro\/wp-content\/uploads\/2020\/10\/writing-768x512.jpg 768w, https:\/\/100playground.ro\/wp-content\/uploads\/2020\/10\/writing-1536x1024.jpg 1536w, https:\/\/100playground.ro\/wp-content\/uploads\/2020\/10\/writing.jpg 1920w\" sizes=\"(max-width: 350px) 100vw, 350px\" \/>G\u00e2nde\u0219te-te la ultima oar\u0103 c\u00e2nd ai stat singur. C\u00e2t de des \u021bi-ai verificat telefonul \u00een timpul \u0103sta? C\u00e2t timp \u021bi l-ai petrecut ne\u00eentrerupt, f\u0103r\u0103 s\u0103 te ui\u021bi la filmule\u021be, s\u0103 te joci sau s\u0103 vorbe\u0219ti cu un prieten? Aha, \u00eemi vei spune tu, tu de fapt m\u0103 \u00eentrebi de c\u00e2te ori am stat singur <strong><em>f\u0103r\u0103 s\u0103 fac nimic<\/em><\/strong>?<\/p><p class=\"indent-para small-vertical-space\">Exact, azi \u00ee\u021bi propun s\u0103 vorbim despre faptul c\u0103 am ajuns s\u0103 privim singur\u0103tatea ca <strong><em>a sta f\u0103r\u0103 s\u0103 faci nimic<\/em><\/strong>, \u00een loc de <strong><em>a sta<\/em><\/strong> <strong><em>cu tine \u00eensu\u021bi.<\/em><\/strong><\/p><p class=\"indent-para small-vertical-space\">Vezi tu, lucrurile nu au fost mereu a\u0219a. Singur\u0103tatea a ajuns de pu\u021bin timp s\u0103 fie considerat\u0103 doar un timp mort, pe care nu \u0219tii cum s\u0103-l umpli mai repede. \u0218i nici nu este asociat\u0103 de mult timp cu plictiseala, triste\u021bea sau golul interior.<\/p><p class=\"indent-para small-vertical-space\">Sper c\u0103 nu crezi c\u0103 te judec. <strong><em>Cu to\u021bii am ajuns o genera\u021bie de distra\u0219i<\/em><\/strong>. Telefonul ne distrage \u00een fiecare zi cu miile lui de notific\u0103ri. Zecile de taburi deschise a\u0219teapt\u0103 s\u0103 revii asupra lor. Canalele la care ai dat subscribe, jocurile pe telefon, toate vor un singur lucru: s\u0103 ne capteze \u0219i s\u0103 ne fure aten\u021bia. \u00cen condi\u021biile acestea nu e de mirare c\u0103 a sta singur, adic\u0103 f\u0103r\u0103 s\u0103 fii permanent stimulat \u0219i distrat, este o raritate. Dorin\u021ba de singur\u0103tate nu e niciodat\u0103 at\u00e2t de zgomotoas\u0103 \u0219i de imperativ\u0103 ca dorin\u021ba de a fi distras \u0219i deci nu are puterea de a te ademeni a\u0219a tare.<\/p><p class=\"indent-para small-vertical-space\">\u00cen plus, capacitatea de a fi singur e a\u0219a rar\u0103 \u0219i pentru c\u0103 <strong><em>ne vine s\u0103 fugim de singur\u0103tate<\/em><\/strong>.\u00a0 Pentru c\u0103 \u00een esen\u021ba noastr\u0103 suntem fiin\u021be tribale, n\u0103scute s\u0103 fie \u00een contact cu ceilal\u021bi. Iar singur\u0103tatea poate \u00eensemna respingere, izolare sau abandon.<\/p><p class=\"read-more-target\">\u0218i cu toate astea singur\u0103tatea, atunci c\u00e2nd vine, <strong><em>poate aduce multe daruri.<\/em><\/strong><\/p><p class=\"indent-para small-vertical-space\">Aduce <strong><em>darul de a fi ne\u00eentrerupt cu tine \u00eensu\u021bi<\/em><\/strong>. Adic\u0103 s\u0103 po\u021bi s\u0103 \u00ee\u021bi urmezi \u0219irul g\u00e2ndurilor \u00een t\u0103cere \u0219i s\u0103 la\u0219i \u0219i g\u00e2ndurile mai ascunse s\u0103 ias\u0103 la suprafa\u021b\u0103. Pentru c\u0103 \u0219i acestea au nevoie de spa\u021biu mental \u0219i, ca s\u0103 apar\u0103, trebuie s\u0103 te scuturi mai \u00eent\u00e2i de g\u00e2ndurile mai zgomotoase \u0219i mai de suprafa\u021b\u0103.<\/p><p class=\"indent-para small-vertical-space\">Aduce <strong><em>darul cunoa\u0219terii de sine<\/em><\/strong>. Adic\u0103 de a deveni con\u0219tient de propriile dorin\u021be, nevoi, temeri, capcane. Cunoa\u0219tererea de sine nu este nep\u0103rat un dar comod, pentru c\u0103 nu afli mereu lucruri pl\u0103cute sau u\u0219urele. \u0218i totu\u0219i este singura cale s\u0103 evoluezi.<\/p><p class=\"indent-para small-vertical-space\">Singur\u0103tatea aduce <strong><em>darul independen\u021bei<\/em><\/strong>, pentru c\u0103 doar c\u00e2nd e\u0219ti fa\u021b\u0103 \u00een fa\u021b\u0103 cu tine, f\u0103r\u0103 sprijin din exterior, realizezi ce po\u021bi \u0219i ce nu po\u021bi face.<\/p><p class=\"read-more-target\">Nu \u00een ultimul r\u00e2nd, singur\u0103tatea e <strong><em>calea spre acceptarea \u0219i iubirea de sine<\/em><\/strong>.<\/p><p class=\"indent-para small-vertical-space\">A\u0219adar, cum s\u0103 facem cu singur\u0103tatea? Fugim de ea sau ne-o asum\u0103m? Ce facem cu sentimentele negative cople\u0219itoare care pot ap\u0103rea c\u00e2nd suntem singuri?<\/p><p class=\"indent-para small-vertical-space\">Eu cred c\u0103 trebui s\u0103 consider\u0103m singur\u0103tatea <strong><em>un instrument folostor dar complicat, asemenea unui cu\u021bit.<\/em><\/strong> Poate fi foarte util\u0103, dar trebuie s\u0103 \u00eenv\u0103\u021b\u0103m cum s\u0103 o folosim.<\/p><p class=\"indent-para small-vertical-space\">Ca s\u0103 te po\u021bi bucura de darul singur\u0103t\u0103\u021bii trebuie:<\/p><ul><li style=\"list-style-type: none;\"><ul><li>S\u0103 ai curajul s\u0103 te observi.<\/li><li>S\u0103 nu fugi de emo\u021biile care dor: triste\u021be, izolare, ru\u0219ine, vinov\u0103\u021bie, dor, furie.<\/li><li>S\u0103 \u00ee\u0219i dai seama c\u0103 ai \u0219i p\u0103r\u021bi negative \u0219i s\u0103 accep\u021bi c\u0103 nu e\u0219ti o persoan\u0103 a\u0219a de bun\u0103 cum se crede.<\/li><li>S\u0103 ai grij\u0103 de tine \u0219i s\u0103 nu te respingi pentru ce nu \u00ee\u021bi place la tine.<\/li><\/ul><\/li><\/ul><p class=\"indent-para small-vertical-space\">Deci, dac\u0103 e\u0219ti dornic s\u0103 prime\u0219ti darurile singur\u0103t\u0103\u021bii, adu-\u021bi aminte de una dintre cele mai eficiente c\u0103i de a \u00eenv\u0103\u021ba s\u0103 fii singur \u0219i \u00een contact cu tine \u00eensu\u021bi: s\u0103 scrii.<\/p>                    <\/div>\n\t\t        \n                    <div id=\"cum-ncepi-s-scrii-terapeutic-tab\" class=\"clearfix eael-tab-content-item inactive\" data-title-link=\"cum-ncepi-s-scrii-terapeutic-tab\">\n\t\t\t\t        <p class=\"indent-para small-vertical-space\"><img loading=\"lazy\" decoding=\"async\" class=\"alignright wp-image-1293\" src=\"https:\/\/100playground.ro\/wp-content\/uploads\/2020\/09\/mental-block-1024x724.jpg\" alt=\"mental block\" width=\"350\" height=\"247\" srcset=\"https:\/\/100playground.ro\/wp-content\/uploads\/2020\/09\/mental-block-1024x724.jpg 1024w, https:\/\/100playground.ro\/wp-content\/uploads\/2020\/09\/mental-block-300x212.jpg 300w, https:\/\/100playground.ro\/wp-content\/uploads\/2020\/09\/mental-block-768x543.jpg 768w, https:\/\/100playground.ro\/wp-content\/uploads\/2020\/09\/mental-block-1536x1086.jpg 1536w, https:\/\/100playground.ro\/wp-content\/uploads\/2020\/09\/mental-block.jpg 1920w\" sizes=\"(max-width: 350px) 100vw, 350px\" \/>Poate unul din cele mai mari obstacole \u00een calea scrisului este senza\u021bia aceea de confuzie pe care o tr\u0103ie\u0219ti \u00een fa\u021ba foii albe. Da, e\u0219ti \u00eenc\u0103rcat, da, vrei s\u0103 scrii, dar \u00eencotro te duce scrisul t\u0103u? Ce rezolvi c\u00e2nd i\u021bi pui g\u00e2ndurile dezordonate pe h\u00e2rtie?<\/p><p class=\"indent-para small-vertical-space\">Cu timpul vei dep\u0103\u0219i aceast\u0103 senza\u021bie ini\u021bial\u0103 pentru c\u0103 vei descoperi puterea insight-ului. Insightul este acel moment de aha! \u00cen care \u00een mod spontan \u00een\u021belegi ceva despre tine, despre cum func\u021bionezi ca om. Este o buc\u0103\u021bic\u0103 pre\u021bioas\u0103 de cunoa\u0219tere de sine care te face sa te sim\u021bi mai \u00een\u021belept \u0219i care d\u0103 un sens ac\u021biunilor tale.<\/p><p class=\"indent-para small-vertical-space\"><em>Aha, de asta \u00eemi vine s\u0103 m\u0103 cert mereu cu tata, pentru c\u0103 niciodat\u0103 nu m\u0103 ascult\u0103 \u0219i asta m\u0103 face furios. Aha, de fapt eu m\u0103 simt speriat ori de c\u00e2te ori cineva e interesat de mine, pentru c\u0103 m\u0103 tem c\u0103 m\u0103 va critica. Aha, ce caut eu de la o rela\u021bie e in primul r\u00e2nd s\u0103 m\u0103 simt protejat.<\/em><\/p><p class=\"indent-para small-vertical-space\">Cu timpul, dac\u0103 e\u0219ti curios s\u0103 te descoperi, vei avea multe insight-uri spontane. Dar p\u00e2n\u0103 atunci \u00ee\u021bi ar\u0103t eu o cale care ar putea sa te duc\u0103 c\u0103tre un insight \u0219i care este o strategie de a \u00eencepe s\u0103 scrii terapeutic.<\/p><p class=\"indent-para small-vertical-space\">Primul pas: \u00een fa\u021ba foii de h\u00e2rtie, descrie o situa\u021bie care te-a sup\u0103rat. Nu \u00een mod obiectiv \u0219i rece, nu ca s\u0103 te justifici, ci c\u00e2t mai implicat. Replici care te-au deranjat, gesturi, fapte. Nu trebuie s\u0103 fii atent la gramatic\u0103 sau coeren\u021b\u0103 ci mai ales <strong>la felul \u00een care te sim\u021bi<\/strong>.<\/p><p class=\"indent-para small-vertical-space\">A-\u021bi identifica propriile emo\u021bii nu e \u00eentotdeauna un lucru a\u0219a simplu cum pare. Da, e simplu s\u0103 \u00ee\u021bi dai seama de emo\u021bii de suprafa\u021b\u0103 cum ar fi c\u0103 e\u0219ti nervos, trist sau sup\u0103rat. Dar exist\u0103 emo\u021bii mai profunde \u0219i mai dureroase, de care \u00ee\u021bi vine s\u0103 fugi: <em>m\u0103 simt respins, m\u0103 simt lipsit de valoare, m\u0103 simt vinovat, m\u0103 simt disperat, m\u0103 simt neajutorat<\/em>.<\/p><p class=\"indent-para small-vertical-space\">Uneori, aceste emo\u021bii ascunse sunt at\u00e2t de dureroase \u00eenc\u00e2t ai face orice ca s\u0103 nu ias\u0103 niciodat\u0103 la suprafa\u021b\u0103. Asta <em><strong>pentru c\u0103 ele sunt conectate cu cele mai ad\u00e2nci frici legate de propria persoan\u0103, frici cu care nu \u0219tii ce s\u0103 faci<\/strong>. Poate nu sunt bun de nimic. Poate sunt nebun. Poate nu merit s\u0103 fiu iubit. Poate mereu \u00eei voi dezam\u0103gi pe ceilal\u021bi<\/em>. Aceste frici sunt a\u0219a r\u0103scolitoare \u00eenc\u00e2t te \u00eemping s\u0103 faci ceva ca s\u0103 le evi\u021bi, s\u0103 evi\u021bi durerea de a te confrunta cu ele.<\/p><p class=\"indent-para small-vertical-space\">A\u0219a c\u0103 urmeaz\u0103 al doilea pas \u00een analiza de sine: <strong>s\u0103 \u00ee\u021bi dai seama ce \u00ee\u021bi vine s\u0103 faci c\u00e2nd sim\u021bi respectiva emo\u021bie<\/strong>. Adic\u0103 s\u0103 \u00ee\u021bi dai seama care e strategia ta de a te proteja de durerea emo\u021bional\u0103. Aceast\u0103 strategie, oric\u00e2t \u021bi se pare de nepotrivit\u0103, a fost cea mai bun\u0103 solu\u021bie pe care ai descoperit-o c\u00e2nd ai avut un impas \u00een trecut. Ea te-a ajutat s\u0103 te descurci cu emo\u021biile tale negative \u0219i te-a ajutat s\u0103 te sim\u021bi iar in siguran\u021b\u0103, calm sau \u00een control. A\u0219adar, ce \u00ee\u021bi vine s\u0103 faci c\u00e2nd ai o emo\u021bie negativ\u0103? \u0218i ce se \u00eent\u00e2mpl\u0103 bine cu tine c\u00e2nd faci lucrul pe care \u00ee\u021bi vine s\u0103-l faci?<\/p><p class=\"indent-para small-vertical-space\"><em>C\u00e2nd m\u0103 simt criticat devin distant \u0219i pare c\u0103 nu \u00eemi pas\u0103 de nimic. C\u00e2nd m\u0103 simt ru\u0219inat m\u0103 retrag \u0219i nu mai r\u0103spund la telefon. C\u00e2nd m\u0103 simt nedrept\u0103\u021bit m\u0103 r\u0103zbun. C\u00e2nd m\u0103 simt disperat ies \u00een ora\u0219 \u0219i beau.<\/em><\/p><p class=\"indent-para small-vertical-space\">Problema cu aceste strategii care ne ap\u0103r\u0103 de durere este c\u0103 nu func\u021bioneaz\u0103 \u00een toate situa\u021biile. Oric\u00e2t de bune au fost la \u00eenceput, ele nu sunt mereu eficiente \u0219i de cele mai multe ori continu\u0103m s\u0103 le folosim doar pentru c\u0103 ne sunt familiare.<\/p><p class=\"indent-para small-vertical-space\">A\u0219a c\u0103 urm\u0103torul pas, al treilea, este <strong>s\u0103 analizezi c\u00e2t mai critic strategia pe care o folose\u0219ti de obicei ca s\u0103 fugi de durere<\/strong>. Deta\u0219eaz\u0103-te de ea, de beneficiile ei, \u0219i caut\u0103 s\u0103 vezi mai ales ce neajunsuri are. <em>\u00cen ce fel faptul c\u0103 ai p\u0103rut nep\u0103s\u0103tor te-a afectat negativ? Ce a fost r\u0103u c\u00e2nd te-ai r\u0103zbunat? Ce nu e bine c\u00e2nd ie\u0219i \u00een ora\u0219 s\u0103 bei?<\/em><\/p><p class=\"indent-para small-vertical-space\">\u0218I, dac\u0103 \u00een\u021belegi neajunsurile, treci la urm\u0103torul pas: s\u0103 iei \u00een calcul \u0219i alte r\u0103spunsuri la durerea emo\u021bional\u0103. <strong>Ce altceva ai putea face c\u00e2nd te sim\u021bi a\u0219a? Ce fac al\u021bi oameni c\u00e2nd se simt a\u0219a? Dac\u0103 ai putea face totul, ce altceva \u021bi-ar pl\u0103cea s\u0103 faci \u00een acele momente?<\/strong><\/p><p class=\"indent-para small-vertical-space\"><em>A\u0219 vrea c\u00e2nd m\u0103 simt criticat s\u0103 le spun celorlal\u021bi c\u0103 m\u0103 deranjeaz\u0103 ce \u00eemi spun \u00een loc s\u0103 par nep\u0103s\u0103tor. A\u0219 vrea s\u0103 pl\u00e2ng de triste\u021be \u00een loc s\u0103 devin distant. As vrea s\u0103 spun direct \u0219i calm ce simt, f\u0103r\u0103 s\u0103 m\u0103 r\u0103zbun.<\/em><\/p><p class=\"indent-para small-vertical-space\">Poate te sperii crez\u00e2nd c\u0103 urm\u0103torul pas este s\u0103 pui \u00een practic\u0103 noua ta strategie. Ei bine, nu. Momentan e suficient at\u00e2t. Ai descoperit ce r\u0103spunsuri automate ai la durere, de ce nu sunt bune \u0219i ai creat un spa\u021biu mental pentru alte solu\u021bii. <strong><em>D\u0103 voie acestor solu\u021bii s\u0103 fie uitate \u0219i \u00eengropate, pentru a \u00eencol\u021bi \u00een mintea ta \u0219i pentru a r\u0103s\u0103ri c\u00e2nd e cazul.<\/em><\/strong> Nu trebuie s\u0103 te g\u00e2nde\u0219ti acum la felul \u00een care o s\u0103 reac\u021bionezi \u00een viitor. Cel mai probabil undeva, c\u00e2ndva, te vei trezi c\u0103 faci ceva diferit. Despre felul \u00een care vei cre\u0219te \u0219i dezvolta aceste noi r\u0103spunsuri vom vorbi alt\u0103 dat\u0103. Deocamdat\u0103 \u00eens\u0103, te felicit. <strong><em>Ai \u00een fa\u021ba ta o foaie pre\u021bioas\u0103, prima foaie a ta \u00een dublul rol de personaj \u0219i scriitor. Chiar, cum vrei s\u0103 arate cartea \u00eentre paginile c\u0103reia vrei s\u0103 \u00ee\u021bi tr\u0103ie\u0219ti via\u021ba?<\/em><\/strong><\/p>                    <\/div>\n\t\t        \n                    <div id=\"despre-puterea-scrisului-sau-ce-facem-cu-gndurile-suprtoare-care-ne-iau-linitea-tab\" class=\"clearfix eael-tab-content-item inactive\" data-title-link=\"despre-puterea-scrisului-sau-ce-facem-cu-gndurile-suprtoare-care-ne-iau-linitea-tab\">\n\t\t\t\t        <p class=\"indent-para small-vertical-space\"><img loading=\"lazy\" decoding=\"async\" class=\"alignright wp-image-1196\" src=\"https:\/\/100playground.ro\/wp-content\/uploads\/2020\/09\/influencer-4081842_1920-1024x683.jpg\" alt=\"\" width=\"350\" height=\"234\" srcset=\"https:\/\/100playground.ro\/wp-content\/uploads\/2020\/09\/influencer-4081842_1920-1024x683.jpg 1024w, https:\/\/100playground.ro\/wp-content\/uploads\/2020\/09\/influencer-4081842_1920-300x200.jpg 300w, https:\/\/100playground.ro\/wp-content\/uploads\/2020\/09\/influencer-4081842_1920-768x512.jpg 768w, https:\/\/100playground.ro\/wp-content\/uploads\/2020\/09\/influencer-4081842_1920-1536x1025.jpg 1536w, https:\/\/100playground.ro\/wp-content\/uploads\/2020\/09\/influencer-4081842_1920.jpg 1920w\" sizes=\"(max-width: 350px) 100vw, 350px\" \/>G\u00e2ndurile au nesuferita capacitate de a \u021bi se tot \u00eenv\u00e2rti \u00een minte. Vin \u0219i pleac\u0103 singure, dup\u0103 cum au chef, \u0219i te distrag de la ce ai de f\u0103cut. Iar uneori noaptea c\u00e2nd stai \u00eentins \u00een pat dansul lor te ame\u021be\u0219te \u0219i \u00ee\u021bi fur\u0103 somnul.<\/p><p class=\"indent-para small-vertical-space\">\u0218i, nu numai c\u0103 vin nechemate, dar\u00a0<strong><em>\u00eentotdeauna sunt \u00eenso\u021bite de c\u00e2te o emo\u021bie<\/em><\/strong>. O emo\u021bie care te face s\u0103 \u021bi se str\u00e2ng\u0103 stomacul, s\u0103 tresal\u021bi de bucurie sau s\u0103 fii cuprins de nelini\u0219te. O emo\u021bie care te trage de ureche, spun\u00e2ndu-\u021bi s\u0103 fii atent \u00een interior, c\u0103 se \u00eent\u00e2mpl\u0103 ceva important. Numai c\u0103, exact c\u00e2nd \u00eencerci s\u0103-\u021bi dai seama ce se \u00eent\u00e2mpl\u0103, g\u00e2ndurile \u00eencep s\u0103 fie tot mai fragmentare, mai vagi \u0219i \u00ee\u021bi scap\u0103 \u00een cele din urm\u0103 printre degete. Doar emo\u021bia r\u0103m\u00e2ne \u00een urma lor, trist\u0103 sau enervant\u0103, \u021bin\u00e2ndu-se dup\u0103 tine peste zi.<\/p><p class=\"indent-para small-vertical-space\">De cele mai multe ori g\u00e2ndurile vin, ne b\u00e2z\u00e2ie pu\u021bin \u0219i apoi pleac\u0103. Putem s\u0103 nu le b\u0103g\u0103m \u00een seam\u0103 c\u0103 oricum nu ne deranjeaz\u0103 prea tare.\u00a0<strong><em>Dar cu unele g\u00e2nduri e diferit<\/em><\/strong>. Unele au o voce a lor. Cu o voce puternic\u0103 \u00ee\u021bi spun c\u0103 nu e\u0219ti bun de nimic, c\u0103 mereu o s\u0103 \u021bi se \u00eent\u00e2mple lucrurile de care te temi sau c\u0103 oamenii vor s\u0103 profite de tine. Sunt g\u00e2nduri care vin ca un stol de corbi r\u0103u prevestitori de fiecare dat\u0103 c\u00e2nd te sim\u021bi trist, singur sau respins. \u0218i pe care, fiind at\u00e2t de puternice \u0219i dureroase, nu le po\u021bi alunga.<\/p><p class=\"indent-para small-vertical-space\">Ce po\u021bi face cu astfel de g\u00e2nduri neiert\u0103toare? Ce s\u0103 faci cu ele dac\u0103 nu le po\u021bi ignora? Cum s\u0103 te descurci cu negativismul produs de ele?<\/p><p class=\"indent-para small-vertical-space\">P\u0103i \u00een primul r\u00e2nd trebuie\u00a0<strong><em>s\u0103 le vezi a\u0219a cum sunt.<\/em><\/strong>\u00a0S\u0103 nu te mai chinui s\u0103 le alungi, pentru c\u0103 nu vor pleca oricum. Hai s\u0103-\u021bi spun un secret:\u00a0<strong><em>g\u00e2ndurile, a\u0219a cum sunt ele, nu sunt propozi\u021bii coerente. Ele \u00een sinea lor sunt doar puneri \u00eempreun\u0103 de cuvinte, emo\u021bii, imagini \u0219i amintiri<\/em><\/strong>. Ideea c\u0103 \u00een mintea noastr\u0103 avem g\u00e2nduri clare \u0219i lungi este doar o iluzie.\u00a0<strong><em>Un g\u00e2nd se formeaz\u0103 pe m\u0103sur\u0103 ce \u00eel g\u00e2nde\u0219ti \u0219i<\/em><\/strong>,\u00a0<strong><em>dac\u0103 nu stai s\u0103 te ui\u021bi cu aten\u021bie la el, nu va fi niciodat\u0103 clar.<\/em><\/strong><\/p><p class=\"indent-para small-vertical-space\">\u0218i, te-ai putea \u00eentreba, de ce as urm\u0103ri un g\u00e2nd dac\u0103 oricum nu e clar? De ce s\u0103-mi pierd timpul analiz\u00e2ndu-l?\u00a0<strong><em>Pentru c\u0103 \u00een spatele g\u00e2ndurilor sup\u0103r\u0103toare e\u0219ti tu, cu emo\u021biile tale, cu temerile \u0219i nevoile tale. Este partea din tine care e r\u0103nit\u0103 sau vulnerabil\u0103<\/em><\/strong>. Partea care sufer\u0103 \u0219i are nevoie s\u0103 fie vindecat\u0103. Nu g\u00e2ndul trebuie s\u0103 \u00eel g\u0103se\u0219ti, ci s\u0103 g\u0103se\u0219ti accesul c\u0103tre acea parte din tine. \u0218i\u00a0<strong><em>singura cale de acces este s\u0103 te pui \u00een cuvinte, s\u0103 te transformi \u00een cel ce se g\u00e2nde\u0219te la sine.<\/em><\/strong><\/p><p class=\"indent-para small-vertical-space\">\u0218i atunci te apuci de scris. Pentru c\u0103 scrisul, prin \u00eencetineala lui \u00eencetine\u0219te \u0219i dirijeaz\u0103 g\u00e2ndurile. Pentru c\u0103 \u00een scris e\u0219ti obligat s\u0103 fii coerent. Pentru c\u0103 in scris duci g\u00e2ndul mai departe c\u0103tre alte g\u00e2nduri importante pentru tine. \u0218i mai ales pentru c\u0103 este un moment \u00een care \u00ee\u021bi acorzi toat\u0103 aten\u021bia ta.<\/p><p class=\"indent-para small-vertical-space\">G\u00e2nde\u0219te-te cum sun\u0103 asta,\u00a0<strong><em>s\u0103 \u00ee\u021bi acorzi toat\u0103 aten\u021bia ta<\/em><\/strong>. Pare at\u00e2t de simplu! Dar \u00een ce momente \u00ee\u021bi acorzi peste zi toat\u0103 aten\u021bia ta? C\u00e2nd e\u0219ti \u00een fa\u021ba telefonului nu e\u0219ti atent la tine. C\u00e2nd faci treab\u0103 nu e\u0219ti atent la tine. De cele mai multe ori nici c\u00e2nd vorbe\u0219ti cu cineva despre tine nu ai parte de toata aten\u021bia ta, pentru c\u0103 mereu cel\u0103lalt te va \u00eentrerupe cu propria lui poveste (<em>\u0219i eu am p\u0103\u021bit asta, stai s\u0103 vezi ce mi s-a \u00eent\u00e2mplat mie<\/em>, etc). Poate doar noaptea c\u00e2nd te treze\u0219ti \u0219i \u00ee\u021bi fuge somnul ai toata aten\u021bia ta. Dar chiar \u0219i atunci g\u00e2ndurile sunt tot fragmentare \u0219i se \u00eengr\u0103m\u0103desc unul peste altul.<\/p><p class=\"indent-para small-vertical-space\">A\u0219adar,\u00a0<strong><em>scrie.<\/em><\/strong>\u00a0\u0218i, pe m\u0103sur\u0103 ce scrii,\u00a0<strong><em>ad\u00e2nce\u0219te-te tot mai mult \u00een tine, ajung\u00e2nd la ce te fr\u0103m\u00e2nt\u0103.\u00a0<\/em><\/strong><em>De ce m\u0103 simt a\u0219a? De c\u00e2te ori m-am mai sim\u021bit a\u0219a? Cu cine din trecutul meu m-am mai sim\u021bit la fel? Ce fac de c\u00e2te ori m\u0103 simt a\u0219a? Ce nevoi am atunci?\u00a0<\/em>Doar d\u0103-\u021bi voie s\u0103 te observi f\u0103r\u0103 s\u0103 te judeci, s\u0103 te pui \u00een cuvinte, oric\u00e2t par de dureroase.\u00a0<strong><em>Pentru c\u0103 doar \u00een momentul \u00een care ai cuvintele \u00een fa\u021ba ta \u0219i nu doar \u00een mintea ta \u00eencepi s\u0103 le \u00een\u021belegi.<\/em><\/strong>\u00a0S\u0103 te vezi mai bine, mai profund, s\u0103 \u00ee\u021bi \u00een\u021belegi reac\u021biile, comportamentele. S\u0103 le dai un sens \u0219i \u00een cele din urm\u0103 s\u0103 \u00ee\u021bi dai un sens.<\/p><p class=\"indent-para small-vertical-space\">\u00cen concluzie, capacitatea de a te analiza \u00eencepe cu observarea c\u00e2t mai atent\u0103 \u0219i mai obiectiv\u0103 a propriilor g\u00e2nduri. Acord\u0103-\u021bi toat\u0103 aten\u021bia ta, acord\u0103-\u021bi timp, acord\u0103-\u021bi un cadru lini\u0219tit \u0219i sigur \u00een care s\u0103 faci asta. Adic\u0103\u00a0<strong><em>scrie<\/em><\/strong>. Da, te vei \u00eent\u00e2lni cu propria suferin\u021b\u0103, te vei bate cu proprii mon\u0219tri. Dar \u00eentotdeauna, la cap\u0103tul drumului, g\u0103se\u0219ti valoare \u00een suferin\u021b\u0103 \u0219i mon\u0219trii \u00eembl\u00e2nzi\u021bi devin cei mai puternici prieteni.<\/p>                    <\/div>\n\t\t                    <\/div>\n        <\/div>\n\t\t\t\t<\/div>\n\t\t\t\t<\/div>\n\t\t\t\t\t<\/div>\n\t\t<\/div>\n\t\t\t\t\t<\/div>\n\t\t<\/section>\n\t\t\t\t<\/div>","protected":false},"excerpt":{"rendered":"<p>\u00a0 \u201eR\u00e2nduri din timpul pandemiei\u201d, este un proiect al Asocia\u021biei 100% Playground, care are ca scop documentarea impactului pandemiei asupra tinerilor \u0219i transformarea textelor scrise de ace\u0219tia \u00een materiale de pres\u0103. Proiectul este sus\u021binut cu sprijinul finan\u021b\u0103rii ob\u021binute \u00een cadrul programului StartONG, lansat de Kaufland Rom\u00e2nia \u0219i implementat de Asocia\u021bia Act for Tomorrow. Acesta s-a [&hellip;]<\/p>","protected":false},"author":2,"featured_media":0,"comment_status":"open","ping_status":"open","sticky":false,"template":"","format":"standard","meta":{"_monsterinsights_skip_tracking":false,"_monsterinsights_sitenote_active":false,"_monsterinsights_sitenote_note":"","_monsterinsights_sitenote_category":0,"ocean_post_layout":"","ocean_both_sidebars_style":"","ocean_both_sidebars_content_width":0,"ocean_both_sidebars_sidebars_width":0,"ocean_sidebar":"0","ocean_second_sidebar":"0","ocean_disable_margins":"enable","ocean_add_body_class":"","ocean_shortcode_before_top_bar":"","ocean_shortcode_after_top_bar":"","ocean_shortcode_before_header":"","ocean_shortcode_after_header":"","ocean_has_shortcode":"","ocean_shortcode_after_title":"","ocean_shortcode_before_footer_widgets":"","ocean_shortcode_after_footer_widgets":"","ocean_shortcode_before_footer_bottom":"","ocean_shortcode_after_footer_bottom":"","ocean_display_top_bar":"default","ocean_display_header":"default","ocean_header_style":"","ocean_center_header_left_menu":"0","ocean_custom_header_template":"0","ocean_custom_logo":0,"ocean_custom_retina_logo":0,"ocean_custom_logo_max_width":0,"ocean_custom_logo_tablet_max_width":0,"ocean_custom_logo_mobile_max_width":0,"ocean_custom_logo_max_height":0,"ocean_custom_logo_tablet_max_height":0,"ocean_custom_logo_mobile_max_height":0,"ocean_header_custom_menu":"0","ocean_menu_typo_font_family":"0","ocean_menu_typo_font_subset":"","ocean_menu_typo_font_size":0,"ocean_menu_typo_font_size_tablet":0,"ocean_menu_typo_font_size_mobile":0,"ocean_menu_typo_font_size_unit":"px","ocean_menu_typo_font_weight":"","ocean_menu_typo_font_weight_tablet":"","ocean_menu_typo_font_weight_mobile":"","ocean_menu_typo_transform":"","ocean_menu_typo_transform_tablet":"","ocean_menu_typo_transform_mobile":"","ocean_menu_typo_line_height":0,"ocean_menu_typo_line_height_tablet":0,"ocean_menu_typo_line_height_mobile":0,"ocean_menu_typo_line_height_unit":"","ocean_menu_typo_spacing":0,"ocean_menu_typo_spacing_tablet":0,"ocean_menu_typo_spacing_mobile":0,"ocean_menu_typo_spacing_unit":"","ocean_menu_link_color":"","ocean_menu_link_color_hover":"","ocean_menu_link_color_active":"","ocean_menu_link_background":"","ocean_menu_link_hover_background":"","ocean_menu_link_active_background":"","ocean_menu_social_links_bg":"","ocean_menu_social_hover_links_bg":"","ocean_menu_social_links_color":"","ocean_menu_social_hover_links_color":"","ocean_disable_title":"default","ocean_disable_heading":"default","ocean_post_title":"","ocean_post_subheading":"","ocean_post_title_style":"","ocean_post_title_background_color":"","ocean_post_title_background":0,"ocean_post_title_bg_image_position":"","ocean_post_title_bg_image_attachment":"","ocean_post_title_bg_image_repeat":"","ocean_post_title_bg_image_size":"","ocean_post_title_height":0,"ocean_post_title_bg_overlay":0.5,"ocean_post_title_bg_overlay_color":"","ocean_disable_breadcrumbs":"default","ocean_breadcrumbs_color":"","ocean_breadcrumbs_separator_color":"","ocean_breadcrumbs_links_color":"","ocean_breadcrumbs_links_hover_color":"","ocean_display_footer_widgets":"default","ocean_display_footer_bottom":"default","ocean_custom_footer_template":"0","omw_enable_modal_window":"enable","ocean_post_oembed":"","ocean_post_self_hosted_media":"","ocean_post_video_embed":"","ocean_link_format":"","ocean_link_format_target":"self","ocean_quote_format":"","ocean_quote_format_link":"post","ocean_gallery_link_images":"off","ocean_gallery_id":[],"footnotes":""},"categories":[36,48],"tags":[],"class_list":["post-1405","post","type-post","status-publish","format-standard","hentry","category-programe","category-randuri-din-timpul-pandemiei","entry"],"yoast_head":"<!-- This site is optimized with the Yoast SEO plugin v26.4 - https:\/\/yoast.com\/wordpress\/plugins\/seo\/ -->\n<title>- 100% Playground<\/title>\n<meta name=\"robots\" content=\"index, follow, max-snippet:-1, max-image-preview:large, max-video-preview:-1\" \/>\n<link rel=\"canonical\" href=\"https:\/\/100playground.ro\/en\/randuri-din-timpul-pandemiei\/\" \/>\n<meta property=\"og:locale\" content=\"en_US\" \/>\n<meta property=\"og:type\" content=\"article\" \/>\n<meta property=\"og:title\" content=\"- 100% Playground\" \/>\n<meta property=\"og:description\" content=\"\u00a0 \u201eR\u00e2nduri din timpul pandemiei\u201d, este un proiect al Asocia\u021biei 100% Playground, care are ca scop documentarea impactului pandemiei asupra tinerilor \u0219i transformarea textelor scrise de ace\u0219tia \u00een materiale de pres\u0103. Proiectul este sus\u021binut cu sprijinul finan\u021b\u0103rii ob\u021binute \u00een cadrul programului StartONG, lansat de Kaufland Rom\u00e2nia \u0219i implementat de Asocia\u021bia Act for Tomorrow. Acesta s-a [&hellip;]\" \/>\n<meta property=\"og:url\" content=\"https:\/\/100playground.ro\/en\/randuri-din-timpul-pandemiei\/\" \/>\n<meta property=\"og:site_name\" content=\"100% Playground\" \/>\n<meta property=\"article:published_time\" content=\"2020-11-16T17:08:15+00:00\" \/>\n<meta property=\"article:modified_time\" content=\"2020-11-29T09:48:44+00:00\" \/>\n<meta property=\"og:image\" content=\"https:\/\/100playground.ro\/wp-content\/uploads\/2020\/11\/mountain.jpg\" \/>\n\t<meta property=\"og:image:width\" content=\"1920\" \/>\n\t<meta property=\"og:image:height\" content=\"1280\" \/>\n\t<meta property=\"og:image:type\" content=\"image\/jpeg\" \/>\n<meta name=\"author\" content=\"Costin\" \/>\n<meta name=\"twitter:card\" content=\"summary_large_image\" \/>\n<meta name=\"twitter:label1\" content=\"Written by\" \/>\n\t<meta name=\"twitter:data1\" content=\"Costin\" \/>\n\t<meta name=\"twitter:label2\" content=\"Est. reading time\" \/>\n\t<meta name=\"twitter:data2\" content=\"49 minutes\" \/>\n<script type=\"application\/ld+json\" class=\"yoast-schema-graph\">{\"@context\":\"https:\/\/schema.org\",\"@graph\":[{\"@type\":\"Article\",\"@id\":\"https:\/\/100playground.ro\/randuri-din-timpul-pandemiei\/#article\",\"isPartOf\":{\"@id\":\"https:\/\/100playground.ro\/randuri-din-timpul-pandemiei\/\"},\"author\":{\"name\":\"Costin\",\"@id\":\"https:\/\/100playground.ro\/#\/schema\/person\/85b4555e063dd02727fc9e969179fb36\"},\"headline\":\"No title\",\"datePublished\":\"2020-11-16T17:08:15+00:00\",\"dateModified\":\"2020-11-29T09:48:44+00:00\",\"mainEntityOfPage\":{\"@id\":\"https:\/\/100playground.ro\/randuri-din-timpul-pandemiei\/\"},\"wordCount\":9874,\"commentCount\":0,\"publisher\":{\"@id\":\"https:\/\/100playground.ro\/#organization\"},\"image\":{\"@id\":\"https:\/\/100playground.ro\/randuri-din-timpul-pandemiei\/#primaryimage\"},\"thumbnailUrl\":\"https:\/\/100playground.ro\/wp-content\/uploads\/2020\/11\/100playground-crop.png\",\"articleSection\":[\"Programe\",\"Randuri din timpul pandemiei\"],\"inLanguage\":\"en-US\",\"potentialAction\":[{\"@type\":\"CommentAction\",\"name\":\"Comment\",\"target\":[\"https:\/\/100playground.ro\/randuri-din-timpul-pandemiei\/#respond\"]}]},{\"@type\":\"WebPage\",\"@id\":\"https:\/\/100playground.ro\/randuri-din-timpul-pandemiei\/\",\"url\":\"https:\/\/100playground.ro\/randuri-din-timpul-pandemiei\/\",\"name\":\"- 100% Playground\",\"isPartOf\":{\"@id\":\"https:\/\/100playground.ro\/#website\"},\"primaryImageOfPage\":{\"@id\":\"https:\/\/100playground.ro\/randuri-din-timpul-pandemiei\/#primaryimage\"},\"image\":{\"@id\":\"https:\/\/100playground.ro\/randuri-din-timpul-pandemiei\/#primaryimage\"},\"thumbnailUrl\":\"https:\/\/100playground.ro\/wp-content\/uploads\/2020\/11\/100playground-crop.png\",\"datePublished\":\"2020-11-16T17:08:15+00:00\",\"dateModified\":\"2020-11-29T09:48:44+00:00\",\"inLanguage\":\"en-US\",\"potentialAction\":[{\"@type\":\"ReadAction\",\"target\":[\"https:\/\/100playground.ro\/randuri-din-timpul-pandemiei\/\"]}]},{\"@type\":\"ImageObject\",\"inLanguage\":\"en-US\",\"@id\":\"https:\/\/100playground.ro\/randuri-din-timpul-pandemiei\/#primaryimage\",\"url\":\"https:\/\/100playground.ro\/wp-content\/uploads\/2020\/11\/100playground-crop.png\",\"contentUrl\":\"https:\/\/100playground.ro\/wp-content\/uploads\/2020\/11\/100playground-crop.png\"},{\"@type\":\"WebSite\",\"@id\":\"https:\/\/100playground.ro\/#website\",\"url\":\"https:\/\/100playground.ro\/\",\"name\":\"100% Playground\",\"description\":\"\",\"publisher\":{\"@id\":\"https:\/\/100playground.ro\/#organization\"},\"potentialAction\":[{\"@type\":\"SearchAction\",\"target\":{\"@type\":\"EntryPoint\",\"urlTemplate\":\"https:\/\/100playground.ro\/?s={search_term_string}\"},\"query-input\":{\"@type\":\"PropertyValueSpecification\",\"valueRequired\":true,\"valueName\":\"search_term_string\"}}],\"inLanguage\":\"en-US\"},{\"@type\":\"Organization\",\"@id\":\"https:\/\/100playground.ro\/#organization\",\"name\":\"100% Playground\",\"url\":\"https:\/\/100playground.ro\/\",\"logo\":{\"@type\":\"ImageObject\",\"inLanguage\":\"en-US\",\"@id\":\"https:\/\/100playground.ro\/#\/schema\/logo\/image\/\",\"url\":\"https:\/\/100playground.ro\/wp-content\/uploads\/2018\/11\/logo-maria-negru.png\",\"contentUrl\":\"https:\/\/100playground.ro\/wp-content\/uploads\/2018\/11\/logo-maria-negru.png\",\"width\":600,\"height\":321,\"caption\":\"100% Playground\"},\"image\":{\"@id\":\"https:\/\/100playground.ro\/#\/schema\/logo\/image\/\"}},{\"@type\":\"Person\",\"@id\":\"https:\/\/100playground.ro\/#\/schema\/person\/85b4555e063dd02727fc9e969179fb36\",\"name\":\"Costin\",\"image\":{\"@type\":\"ImageObject\",\"inLanguage\":\"en-US\",\"@id\":\"https:\/\/100playground.ro\/#\/schema\/person\/image\/\",\"url\":\"https:\/\/secure.gravatar.com\/avatar\/4e76fd3cec61c82748ab0f0f9c630978aa4916088399fbba8aaeb1249b31b1c9?s=96&d=mm&r=g\",\"contentUrl\":\"https:\/\/secure.gravatar.com\/avatar\/4e76fd3cec61c82748ab0f0f9c630978aa4916088399fbba8aaeb1249b31b1c9?s=96&d=mm&r=g\",\"caption\":\"Costin\"},\"url\":\"https:\/\/100playground.ro\/en\/author\/costin\/\"}]}<\/script>\n<!-- \/ Yoast SEO plugin. -->","yoast_head_json":{"title":"- 100% Playground","robots":{"index":"index","follow":"follow","max-snippet":"max-snippet:-1","max-image-preview":"max-image-preview:large","max-video-preview":"max-video-preview:-1"},"canonical":"https:\/\/100playground.ro\/en\/randuri-din-timpul-pandemiei\/","og_locale":"en_US","og_type":"article","og_title":"- 100% Playground","og_description":"\u00a0 \u201eR\u00e2nduri din timpul pandemiei\u201d, este un proiect al Asocia\u021biei 100% Playground, care are ca scop documentarea impactului pandemiei asupra tinerilor \u0219i transformarea textelor scrise de ace\u0219tia \u00een materiale de pres\u0103. Proiectul este sus\u021binut cu sprijinul finan\u021b\u0103rii ob\u021binute \u00een cadrul programului StartONG, lansat de Kaufland Rom\u00e2nia \u0219i implementat de Asocia\u021bia Act for Tomorrow. Acesta s-a [&hellip;]","og_url":"https:\/\/100playground.ro\/en\/randuri-din-timpul-pandemiei\/","og_site_name":"100% Playground","article_published_time":"2020-11-16T17:08:15+00:00","article_modified_time":"2020-11-29T09:48:44+00:00","og_image":[{"width":1920,"height":1280,"url":"https:\/\/100playground.ro\/wp-content\/uploads\/2020\/11\/mountain.jpg","type":"image\/jpeg"}],"author":"Costin","twitter_card":"summary_large_image","twitter_misc":{"Written by":"Costin","Est. reading time":"49 minutes"},"schema":{"@context":"https:\/\/schema.org","@graph":[{"@type":"Article","@id":"https:\/\/100playground.ro\/randuri-din-timpul-pandemiei\/#article","isPartOf":{"@id":"https:\/\/100playground.ro\/randuri-din-timpul-pandemiei\/"},"author":{"name":"Costin","@id":"https:\/\/100playground.ro\/#\/schema\/person\/85b4555e063dd02727fc9e969179fb36"},"headline":"No title","datePublished":"2020-11-16T17:08:15+00:00","dateModified":"2020-11-29T09:48:44+00:00","mainEntityOfPage":{"@id":"https:\/\/100playground.ro\/randuri-din-timpul-pandemiei\/"},"wordCount":9874,"commentCount":0,"publisher":{"@id":"https:\/\/100playground.ro\/#organization"},"image":{"@id":"https:\/\/100playground.ro\/randuri-din-timpul-pandemiei\/#primaryimage"},"thumbnailUrl":"https:\/\/100playground.ro\/wp-content\/uploads\/2020\/11\/100playground-crop.png","articleSection":["Programe","Randuri din timpul pandemiei"],"inLanguage":"en-US","potentialAction":[{"@type":"CommentAction","name":"Comment","target":["https:\/\/100playground.ro\/randuri-din-timpul-pandemiei\/#respond"]}]},{"@type":"WebPage","@id":"https:\/\/100playground.ro\/randuri-din-timpul-pandemiei\/","url":"https:\/\/100playground.ro\/randuri-din-timpul-pandemiei\/","name":"- 100% Playground","isPartOf":{"@id":"https:\/\/100playground.ro\/#website"},"primaryImageOfPage":{"@id":"https:\/\/100playground.ro\/randuri-din-timpul-pandemiei\/#primaryimage"},"image":{"@id":"https:\/\/100playground.ro\/randuri-din-timpul-pandemiei\/#primaryimage"},"thumbnailUrl":"https:\/\/100playground.ro\/wp-content\/uploads\/2020\/11\/100playground-crop.png","datePublished":"2020-11-16T17:08:15+00:00","dateModified":"2020-11-29T09:48:44+00:00","inLanguage":"en-US","potentialAction":[{"@type":"ReadAction","target":["https:\/\/100playground.ro\/randuri-din-timpul-pandemiei\/"]}]},{"@type":"ImageObject","inLanguage":"en-US","@id":"https:\/\/100playground.ro\/randuri-din-timpul-pandemiei\/#primaryimage","url":"https:\/\/100playground.ro\/wp-content\/uploads\/2020\/11\/100playground-crop.png","contentUrl":"https:\/\/100playground.ro\/wp-content\/uploads\/2020\/11\/100playground-crop.png"},{"@type":"WebSite","@id":"https:\/\/100playground.ro\/#website","url":"https:\/\/100playground.ro\/","name":"100% Playground","description":"","publisher":{"@id":"https:\/\/100playground.ro\/#organization"},"potentialAction":[{"@type":"SearchAction","target":{"@type":"EntryPoint","urlTemplate":"https:\/\/100playground.ro\/?s={search_term_string}"},"query-input":{"@type":"PropertyValueSpecification","valueRequired":true,"valueName":"search_term_string"}}],"inLanguage":"en-US"},{"@type":"Organization","@id":"https:\/\/100playground.ro\/#organization","name":"100% Playground","url":"https:\/\/100playground.ro\/","logo":{"@type":"ImageObject","inLanguage":"en-US","@id":"https:\/\/100playground.ro\/#\/schema\/logo\/image\/","url":"https:\/\/100playground.ro\/wp-content\/uploads\/2018\/11\/logo-maria-negru.png","contentUrl":"https:\/\/100playground.ro\/wp-content\/uploads\/2018\/11\/logo-maria-negru.png","width":600,"height":321,"caption":"100% Playground"},"image":{"@id":"https:\/\/100playground.ro\/#\/schema\/logo\/image\/"}},{"@type":"Person","@id":"https:\/\/100playground.ro\/#\/schema\/person\/85b4555e063dd02727fc9e969179fb36","name":"Costin","image":{"@type":"ImageObject","inLanguage":"en-US","@id":"https:\/\/100playground.ro\/#\/schema\/person\/image\/","url":"https:\/\/secure.gravatar.com\/avatar\/4e76fd3cec61c82748ab0f0f9c630978aa4916088399fbba8aaeb1249b31b1c9?s=96&d=mm&r=g","contentUrl":"https:\/\/secure.gravatar.com\/avatar\/4e76fd3cec61c82748ab0f0f9c630978aa4916088399fbba8aaeb1249b31b1c9?s=96&d=mm&r=g","caption":"Costin"},"url":"https:\/\/100playground.ro\/en\/author\/costin\/"}]}},"_links":{"self":[{"href":"https:\/\/100playground.ro\/en\/wp-json\/wp\/v2\/posts\/1405","targetHints":{"allow":["GET"]}}],"collection":[{"href":"https:\/\/100playground.ro\/en\/wp-json\/wp\/v2\/posts"}],"about":[{"href":"https:\/\/100playground.ro\/en\/wp-json\/wp\/v2\/types\/post"}],"author":[{"embeddable":true,"href":"https:\/\/100playground.ro\/en\/wp-json\/wp\/v2\/users\/2"}],"replies":[{"embeddable":true,"href":"https:\/\/100playground.ro\/en\/wp-json\/wp\/v2\/comments?post=1405"}],"version-history":[{"count":55,"href":"https:\/\/100playground.ro\/en\/wp-json\/wp\/v2\/posts\/1405\/revisions"}],"predecessor-version":[{"id":1627,"href":"https:\/\/100playground.ro\/en\/wp-json\/wp\/v2\/posts\/1405\/revisions\/1627"}],"wp:attachment":[{"href":"https:\/\/100playground.ro\/en\/wp-json\/wp\/v2\/media?parent=1405"}],"wp:term":[{"taxonomy":"category","embeddable":true,"href":"https:\/\/100playground.ro\/en\/wp-json\/wp\/v2\/categories?post=1405"},{"taxonomy":"post_tag","embeddable":true,"href":"https:\/\/100playground.ro\/en\/wp-json\/wp\/v2\/tags?post=1405"}],"curies":[{"name":"wp","href":"https:\/\/api.w.org\/{rel}","templated":true}]}}