{"id":1631,"date":"2023-05-17T22:33:00","date_gmt":"2023-05-17T20:33:00","guid":{"rendered":"https:\/\/100playground.ro\/?p=1631"},"modified":"2024-01-03T22:59:12","modified_gmt":"2024-01-03T20:59:12","slug":"lansarea-inscrierilor-pentru-proiectul-vertical-program-de-educatie-outdoor","status":"publish","type":"post","link":"https:\/\/100playground.ro\/en\/lansarea-inscrierilor-pentru-proiectul-vertical-program-de-educatie-outdoor\/","title":{"rendered":"<strong>Lansarea \u00eenscrierilor pentru proiectul \u201eVERTICAL \u2013 program de educa\u021bie outdoor\u2019\u2019,<\/strong>"},"content":{"rendered":"<p>D\u0103m startul proiectului <strong><em>\u201eVERTICAL \u2013 program de educa\u021bie outdoor\u201d<\/em><\/strong><em>, <\/em>care \u00ee\u0219i propune s\u0103 faciliteze procesul de dezvoltare personal\u0103 a tinerilor prin metode de educa\u021bie outdoor, \u00een special prin provoc\u0103rile oferite de practicarea escaladei. Proiectul este&nbsp; sus\u021binut prin programul <strong>Start ONG<\/strong>, lansat de <strong>Kaufland Rom\u00e2nia<\/strong> \u0219i implementat de Asocia\u021bia <strong>Act for Tomorrow<\/strong>, derul\u00e2ndu-se \u00een perioada mai \u2013 octombrie 2023.<\/p>\n\n\n\n<p>Conform unui raport recent al Ministerului S\u0103n\u0103t\u0103\u021bii, doar 15% din tinerii din Rom\u00e2nia sunt angrena\u021bi \u00een activit\u0103\u021bi fizice regulate. Plec\u00e2nd de la problemele ridicate de sedentarism, proiectul se adreseaz\u0103 tinerilor din \u00centorsura Buz\u0103ului, cu v\u00e2rste \u00eentre 14 \u0219i 18 ani, dornici s\u0103 descopere un nou sport \u0219i s\u0103 se bucure de timpul petrecut \u00een natur\u0103.&nbsp;<\/p>\n\n\n\n<p>\u00cen cadrul proiectului, vor fi selecta\u021bi 14 tineri care vor participa, \u00een mod gratuit, la 10 ateliere din program. Folosindu-se de specificul escaladei, tinerii vor avea parte de un cadru de \u00eenv\u0103\u021bare provocator \u0219i antrenant care s\u0103-i pun\u0103 fa\u021b\u0103 \u00een fa\u021b\u0103 cu propriile valori \u0219i autolimit\u0103ri, determin\u00e2ndu-i s\u0103 aib\u0103 \u00eencredere \u00een for\u021bele proprii \u0219i s\u0103 \u00ee\u0219i dezvolte rezilien\u021ba \u0219i perseveren\u021ba. \u00cen acest fel, programul \u00eembin\u0103 deprinderea unor abilit\u0103\u021bi ce \u021bin de practicarea escaladei cu abilit\u0103\u021bi de via\u021b\u0103 \u0219i orientarea g\u00e2ndirii \u00eenspre dep\u0103\u0219irea obstacolelor.<\/p>\n\n\n\n<p>\u00censcrierile se pot face p\u00e2n\u0103 \u00een data de 25 mai 2023, prin completarea formularul de \u00eenscriere: <a href=\"https:\/\/forms.gle\/tN2vSWkPw3jz7hf16\">https:\/\/forms.gle\/tN2vSWkPw3jz7hf16<\/a>. Cele 10 \u00eent\u00e2lniri, din cadrul proiectului, vor fi realizate dup\u0103 un program prestabilit, p\u00e2n\u0103 \u00een luna septembrie.&nbsp;<\/p>\n\n\n\n<p>Start ONG este un program lansat de Kau\ufb02and Rom\u00e2nia \u0219i implementat de Asocia\u021bia Act for Tomorrow.&nbsp; Domeniile vizate sunt: educa\u021bie, s\u0103n\u0103tate, mediu, social \u0219i cultural. Valoarea total\u0103 a programului este de 500.000 euro. Programul Start ONG este cel mai simpli\ufb01cat instrument de \ufb01nan\u021bare comunitar\u0103 destinat ONG-urilor tinere si institu\u021biilor non-administrative.<\/p>","protected":false},"excerpt":{"rendered":"<p>D\u0103m startul proiectului \u201eVERTICAL \u2013 program de educa\u021bie outdoor\u201d, care \u00ee\u0219i propune s\u0103 faciliteze procesul de dezvoltare personal\u0103 a tinerilor prin metode de educa\u021bie outdoor, \u00een special prin provoc\u0103rile oferite de practicarea escaladei. Proiectul este&nbsp; sus\u021binut prin programul Start ONG, lansat de Kaufland Rom\u00e2nia \u0219i implementat de Asocia\u021bia Act for Tomorrow, derul\u00e2ndu-se \u00een perioada mai [&hellip;]<\/p>","protected":false},"author":1,"featured_media":0,"comment_status":"open","ping_status":"open","sticky":false,"template":"","format":"standard","meta":{"_monsterinsights_skip_tracking":false,"_monsterinsights_sitenote_active":false,"_monsterinsights_sitenote_note":"","_monsterinsights_sitenote_category":0,"ocean_post_layout":"both-sidebars","ocean_both_sidebars_style":"","ocean_both_sidebars_content_width":0,"ocean_both_sidebars_sidebars_width":0,"ocean_sidebar":"0","ocean_second_sidebar":"0","ocean_disable_margins":"enable","ocean_add_body_class":"","ocean_shortcode_before_top_bar":"","ocean_shortcode_after_top_bar":"","ocean_shortcode_before_header":"","ocean_shortcode_after_header":"","ocean_has_shortcode":"","ocean_shortcode_after_title":"","ocean_shortcode_before_footer_widgets":"","ocean_shortcode_after_footer_widgets":"","ocean_shortcode_before_footer_bottom":"","ocean_shortcode_after_footer_bottom":"","ocean_display_top_bar":"default","ocean_display_header":"default","ocean_header_style":"","ocean_center_header_left_menu":"0","ocean_custom_header_template":"0","ocean_custom_logo":0,"ocean_custom_retina_logo":0,"ocean_custom_logo_max_width":0,"ocean_custom_logo_tablet_max_width":0,"ocean_custom_logo_mobile_max_width":0,"ocean_custom_logo_max_height":0,"ocean_custom_logo_tablet_max_height":0,"ocean_custom_logo_mobile_max_height":0,"ocean_header_custom_menu":"0","ocean_menu_typo_font_family":"0","ocean_menu_typo_font_subset":"","ocean_menu_typo_font_size":0,"ocean_menu_typo_font_size_tablet":0,"ocean_menu_typo_font_size_mobile":0,"ocean_menu_typo_font_size_unit":"px","ocean_menu_typo_font_weight":"","ocean_menu_typo_font_weight_tablet":"","ocean_menu_typo_font_weight_mobile":"","ocean_menu_typo_transform":"","ocean_menu_typo_transform_tablet":"","ocean_menu_typo_transform_mobile":"","ocean_menu_typo_line_height":0,"ocean_menu_typo_line_height_tablet":0,"ocean_menu_typo_line_height_mobile":0,"ocean_menu_typo_line_height_unit":"","ocean_menu_typo_spacing":0,"ocean_menu_typo_spacing_tablet":0,"ocean_menu_typo_spacing_mobile":0,"ocean_menu_typo_spacing_unit":"","ocean_menu_link_color":"","ocean_menu_link_color_hover":"","ocean_menu_link_color_active":"","ocean_menu_link_background":"","ocean_menu_link_hover_background":"","ocean_menu_link_active_background":"","ocean_menu_social_links_bg":"","ocean_menu_social_hover_links_bg":"","ocean_menu_social_links_color":"","ocean_menu_social_hover_links_color":"","ocean_disable_title":"default","ocean_disable_heading":"default","ocean_post_title":"","ocean_post_subheading":"","ocean_post_title_style":"","ocean_post_title_background_color":"","ocean_post_title_background":0,"ocean_post_title_bg_image_position":"","ocean_post_title_bg_image_attachment":"","ocean_post_title_bg_image_repeat":"","ocean_post_title_bg_image_size":"","ocean_post_title_height":0,"ocean_post_title_bg_overlay":0.5,"ocean_post_title_bg_overlay_color":"","ocean_disable_breadcrumbs":"default","ocean_breadcrumbs_color":"","ocean_breadcrumbs_separator_color":"","ocean_breadcrumbs_links_color":"","ocean_breadcrumbs_links_hover_color":"","ocean_display_footer_widgets":"default","ocean_display_footer_bottom":"default","ocean_custom_footer_template":"0","omw_enable_modal_window":"enable","ocean_post_oembed":"","ocean_post_self_hosted_media":"","ocean_post_video_embed":"","ocean_link_format":"","ocean_link_format_target":"self","ocean_quote_format":"","ocean_quote_format_link":"post","ocean_gallery_link_images":"off","ocean_gallery_id":[1632],"footnotes":""},"categories":[36,44],"tags":[],"class_list":["post-1631","post","type-post","status-publish","format-standard","hentry","category-programe","category-uncategorized-ro","entry"],"yoast_head":"<!-- This site is optimized with the Yoast SEO plugin v26.4 - https:\/\/yoast.com\/wordpress\/plugins\/seo\/ -->\n<title>Lansarea \u00eenscrierilor pentru proiectul \u201eVERTICAL \u2013 program de educa\u021bie outdoor\u2019\u2019, - 100% Playground<\/title>\n<meta name=\"robots\" content=\"index, follow, max-snippet:-1, max-image-preview:large, max-video-preview:-1\" \/>\n<link rel=\"canonical\" href=\"https:\/\/100playground.ro\/en\/lansarea-inscrierilor-pentru-proiectul-vertical-program-de-educatie-outdoor\/\" \/>\n<meta property=\"og:locale\" content=\"en_US\" \/>\n<meta property=\"og:type\" content=\"article\" \/>\n<meta property=\"og:title\" content=\"Lansarea \u00eenscrierilor pentru proiectul \u201eVERTICAL \u2013 program de educa\u021bie outdoor\u2019\u2019, - 100% Playground\" \/>\n<meta property=\"og:description\" content=\"D\u0103m startul proiectului \u201eVERTICAL \u2013 program de educa\u021bie outdoor\u201d, care \u00ee\u0219i propune s\u0103 faciliteze procesul de dezvoltare personal\u0103 a tinerilor prin metode de educa\u021bie outdoor, \u00een special prin provoc\u0103rile oferite de practicarea escaladei. Proiectul este&nbsp; sus\u021binut prin programul Start ONG, lansat de Kaufland Rom\u00e2nia \u0219i implementat de Asocia\u021bia Act for Tomorrow, derul\u00e2ndu-se \u00een perioada mai [&hellip;]\" \/>\n<meta property=\"og:url\" content=\"https:\/\/100playground.ro\/en\/lansarea-inscrierilor-pentru-proiectul-vertical-program-de-educatie-outdoor\/\" \/>\n<meta property=\"og:site_name\" content=\"100% Playground\" \/>\n<meta property=\"article:published_time\" content=\"2023-05-17T20:33:00+00:00\" \/>\n<meta property=\"article:modified_time\" content=\"2024-01-03T20:59:12+00:00\" \/>\n<meta name=\"author\" content=\"Maria\" \/>\n<meta name=\"twitter:card\" content=\"summary_large_image\" \/>\n<meta name=\"twitter:label1\" content=\"Written by\" \/>\n\t<meta name=\"twitter:data1\" content=\"Maria\" \/>\n\t<meta name=\"twitter:label2\" content=\"Est. reading time\" \/>\n\t<meta name=\"twitter:data2\" content=\"2 minutes\" \/>\n<script type=\"application\/ld+json\" class=\"yoast-schema-graph\">{\"@context\":\"https:\/\/schema.org\",\"@graph\":[{\"@type\":\"Article\",\"@id\":\"https:\/\/100playground.ro\/lansarea-inscrierilor-pentru-proiectul-vertical-program-de-educatie-outdoor\/#article\",\"isPartOf\":{\"@id\":\"https:\/\/100playground.ro\/lansarea-inscrierilor-pentru-proiectul-vertical-program-de-educatie-outdoor\/\"},\"author\":{\"name\":\"Maria\",\"@id\":\"https:\/\/100playground.ro\/#\/schema\/person\/c4fb3de23206af3227488e6628578a03\"},\"headline\":\"Lansarea \u00eenscrierilor pentru proiectul \u201eVERTICAL \u2013 program de educa\u021bie outdoor\u2019\u2019,\",\"datePublished\":\"2023-05-17T20:33:00+00:00\",\"dateModified\":\"2024-01-03T20:59:12+00:00\",\"mainEntityOfPage\":{\"@id\":\"https:\/\/100playground.ro\/lansarea-inscrierilor-pentru-proiectul-vertical-program-de-educatie-outdoor\/\"},\"wordCount\":329,\"commentCount\":0,\"publisher\":{\"@id\":\"https:\/\/100playground.ro\/#organization\"},\"articleSection\":[\"Programe\"],\"inLanguage\":\"en-US\",\"potentialAction\":[{\"@type\":\"CommentAction\",\"name\":\"Comment\",\"target\":[\"https:\/\/100playground.ro\/lansarea-inscrierilor-pentru-proiectul-vertical-program-de-educatie-outdoor\/#respond\"]}]},{\"@type\":\"WebPage\",\"@id\":\"https:\/\/100playground.ro\/lansarea-inscrierilor-pentru-proiectul-vertical-program-de-educatie-outdoor\/\",\"url\":\"https:\/\/100playground.ro\/lansarea-inscrierilor-pentru-proiectul-vertical-program-de-educatie-outdoor\/\",\"name\":\"Lansarea \u00eenscrierilor pentru proiectul \u201eVERTICAL \u2013 program de educa\u021bie outdoor\u2019\u2019, - 100% Playground\",\"isPartOf\":{\"@id\":\"https:\/\/100playground.ro\/#website\"},\"datePublished\":\"2023-05-17T20:33:00+00:00\",\"dateModified\":\"2024-01-03T20:59:12+00:00\",\"breadcrumb\":{\"@id\":\"https:\/\/100playground.ro\/lansarea-inscrierilor-pentru-proiectul-vertical-program-de-educatie-outdoor\/#breadcrumb\"},\"inLanguage\":\"en-US\",\"potentialAction\":[{\"@type\":\"ReadAction\",\"target\":[\"https:\/\/100playground.ro\/lansarea-inscrierilor-pentru-proiectul-vertical-program-de-educatie-outdoor\/\"]}]},{\"@type\":\"BreadcrumbList\",\"@id\":\"https:\/\/100playground.ro\/lansarea-inscrierilor-pentru-proiectul-vertical-program-de-educatie-outdoor\/#breadcrumb\",\"itemListElement\":[{\"@type\":\"ListItem\",\"position\":1,\"name\":\"Home\",\"item\":\"https:\/\/100playground.ro\/\"},{\"@type\":\"ListItem\",\"position\":2,\"name\":\"&lt;strong&gt;Lansarea \u00eenscrierilor pentru proiectul \u201eVERTICAL \u2013 program de educa\u021bie outdoor\u2019\u2019,&lt;\/strong&gt;\"}]},{\"@type\":\"WebSite\",\"@id\":\"https:\/\/100playground.ro\/#website\",\"url\":\"https:\/\/100playground.ro\/\",\"name\":\"100% Playground\",\"description\":\"\",\"publisher\":{\"@id\":\"https:\/\/100playground.ro\/#organization\"},\"potentialAction\":[{\"@type\":\"SearchAction\",\"target\":{\"@type\":\"EntryPoint\",\"urlTemplate\":\"https:\/\/100playground.ro\/?s={search_term_string}\"},\"query-input\":{\"@type\":\"PropertyValueSpecification\",\"valueRequired\":true,\"valueName\":\"search_term_string\"}}],\"inLanguage\":\"en-US\"},{\"@type\":\"Organization\",\"@id\":\"https:\/\/100playground.ro\/#organization\",\"name\":\"100% Playground\",\"url\":\"https:\/\/100playground.ro\/\",\"logo\":{\"@type\":\"ImageObject\",\"inLanguage\":\"en-US\",\"@id\":\"https:\/\/100playground.ro\/#\/schema\/logo\/image\/\",\"url\":\"https:\/\/100playground.ro\/wp-content\/uploads\/2018\/11\/logo-maria-negru.png\",\"contentUrl\":\"https:\/\/100playground.ro\/wp-content\/uploads\/2018\/11\/logo-maria-negru.png\",\"width\":600,\"height\":321,\"caption\":\"100% Playground\"},\"image\":{\"@id\":\"https:\/\/100playground.ro\/#\/schema\/logo\/image\/\"}},{\"@type\":\"Person\",\"@id\":\"https:\/\/100playground.ro\/#\/schema\/person\/c4fb3de23206af3227488e6628578a03\",\"name\":\"Maria\",\"image\":{\"@type\":\"ImageObject\",\"inLanguage\":\"en-US\",\"@id\":\"https:\/\/100playground.ro\/#\/schema\/person\/image\/\",\"url\":\"https:\/\/secure.gravatar.com\/avatar\/6e9484e608790d8761734e4ac7b1b8aa28a63b492880175edbbe11701fae9690?s=96&d=mm&r=g\",\"contentUrl\":\"https:\/\/secure.gravatar.com\/avatar\/6e9484e608790d8761734e4ac7b1b8aa28a63b492880175edbbe11701fae9690?s=96&d=mm&r=g\",\"caption\":\"Maria\"},\"url\":\"https:\/\/100playground.ro\/en\/author\/maria\/\"}]}<\/script>\n<!-- \/ Yoast SEO plugin. -->","yoast_head_json":{"title":"Lansarea \u00eenscrierilor pentru proiectul \u201eVERTICAL \u2013 program de educa\u021bie outdoor\u2019\u2019, - 100% Playground","robots":{"index":"index","follow":"follow","max-snippet":"max-snippet:-1","max-image-preview":"max-image-preview:large","max-video-preview":"max-video-preview:-1"},"canonical":"https:\/\/100playground.ro\/en\/lansarea-inscrierilor-pentru-proiectul-vertical-program-de-educatie-outdoor\/","og_locale":"en_US","og_type":"article","og_title":"Lansarea \u00eenscrierilor pentru proiectul \u201eVERTICAL \u2013 program de educa\u021bie outdoor\u2019\u2019, - 100% Playground","og_description":"D\u0103m startul proiectului \u201eVERTICAL \u2013 program de educa\u021bie outdoor\u201d, care \u00ee\u0219i propune s\u0103 faciliteze procesul de dezvoltare personal\u0103 a tinerilor prin metode de educa\u021bie outdoor, \u00een special prin provoc\u0103rile oferite de practicarea escaladei. Proiectul este&nbsp; sus\u021binut prin programul Start ONG, lansat de Kaufland Rom\u00e2nia \u0219i implementat de Asocia\u021bia Act for Tomorrow, derul\u00e2ndu-se \u00een perioada mai [&hellip;]","og_url":"https:\/\/100playground.ro\/en\/lansarea-inscrierilor-pentru-proiectul-vertical-program-de-educatie-outdoor\/","og_site_name":"100% Playground","article_published_time":"2023-05-17T20:33:00+00:00","article_modified_time":"2024-01-03T20:59:12+00:00","author":"Maria","twitter_card":"summary_large_image","twitter_misc":{"Written by":"Maria","Est. reading time":"2 minutes"},"schema":{"@context":"https:\/\/schema.org","@graph":[{"@type":"Article","@id":"https:\/\/100playground.ro\/lansarea-inscrierilor-pentru-proiectul-vertical-program-de-educatie-outdoor\/#article","isPartOf":{"@id":"https:\/\/100playground.ro\/lansarea-inscrierilor-pentru-proiectul-vertical-program-de-educatie-outdoor\/"},"author":{"name":"Maria","@id":"https:\/\/100playground.ro\/#\/schema\/person\/c4fb3de23206af3227488e6628578a03"},"headline":"Lansarea \u00eenscrierilor pentru proiectul \u201eVERTICAL \u2013 program de educa\u021bie outdoor\u2019\u2019,","datePublished":"2023-05-17T20:33:00+00:00","dateModified":"2024-01-03T20:59:12+00:00","mainEntityOfPage":{"@id":"https:\/\/100playground.ro\/lansarea-inscrierilor-pentru-proiectul-vertical-program-de-educatie-outdoor\/"},"wordCount":329,"commentCount":0,"publisher":{"@id":"https:\/\/100playground.ro\/#organization"},"articleSection":["Programe"],"inLanguage":"en-US","potentialAction":[{"@type":"CommentAction","name":"Comment","target":["https:\/\/100playground.ro\/lansarea-inscrierilor-pentru-proiectul-vertical-program-de-educatie-outdoor\/#respond"]}]},{"@type":"WebPage","@id":"https:\/\/100playground.ro\/lansarea-inscrierilor-pentru-proiectul-vertical-program-de-educatie-outdoor\/","url":"https:\/\/100playground.ro\/lansarea-inscrierilor-pentru-proiectul-vertical-program-de-educatie-outdoor\/","name":"Lansarea \u00eenscrierilor pentru proiectul \u201eVERTICAL \u2013 program de educa\u021bie outdoor\u2019\u2019, - 100% Playground","isPartOf":{"@id":"https:\/\/100playground.ro\/#website"},"datePublished":"2023-05-17T20:33:00+00:00","dateModified":"2024-01-03T20:59:12+00:00","breadcrumb":{"@id":"https:\/\/100playground.ro\/lansarea-inscrierilor-pentru-proiectul-vertical-program-de-educatie-outdoor\/#breadcrumb"},"inLanguage":"en-US","potentialAction":[{"@type":"ReadAction","target":["https:\/\/100playground.ro\/lansarea-inscrierilor-pentru-proiectul-vertical-program-de-educatie-outdoor\/"]}]},{"@type":"BreadcrumbList","@id":"https:\/\/100playground.ro\/lansarea-inscrierilor-pentru-proiectul-vertical-program-de-educatie-outdoor\/#breadcrumb","itemListElement":[{"@type":"ListItem","position":1,"name":"Home","item":"https:\/\/100playground.ro\/"},{"@type":"ListItem","position":2,"name":"&lt;strong&gt;Lansarea \u00eenscrierilor pentru proiectul \u201eVERTICAL \u2013 program de educa\u021bie outdoor\u2019\u2019,&lt;\/strong&gt;"}]},{"@type":"WebSite","@id":"https:\/\/100playground.ro\/#website","url":"https:\/\/100playground.ro\/","name":"100% Playground","description":"","publisher":{"@id":"https:\/\/100playground.ro\/#organization"},"potentialAction":[{"@type":"SearchAction","target":{"@type":"EntryPoint","urlTemplate":"https:\/\/100playground.ro\/?s={search_term_string}"},"query-input":{"@type":"PropertyValueSpecification","valueRequired":true,"valueName":"search_term_string"}}],"inLanguage":"en-US"},{"@type":"Organization","@id":"https:\/\/100playground.ro\/#organization","name":"100% Playground","url":"https:\/\/100playground.ro\/","logo":{"@type":"ImageObject","inLanguage":"en-US","@id":"https:\/\/100playground.ro\/#\/schema\/logo\/image\/","url":"https:\/\/100playground.ro\/wp-content\/uploads\/2018\/11\/logo-maria-negru.png","contentUrl":"https:\/\/100playground.ro\/wp-content\/uploads\/2018\/11\/logo-maria-negru.png","width":600,"height":321,"caption":"100% Playground"},"image":{"@id":"https:\/\/100playground.ro\/#\/schema\/logo\/image\/"}},{"@type":"Person","@id":"https:\/\/100playground.ro\/#\/schema\/person\/c4fb3de23206af3227488e6628578a03","name":"Maria","image":{"@type":"ImageObject","inLanguage":"en-US","@id":"https:\/\/100playground.ro\/#\/schema\/person\/image\/","url":"https:\/\/secure.gravatar.com\/avatar\/6e9484e608790d8761734e4ac7b1b8aa28a63b492880175edbbe11701fae9690?s=96&d=mm&r=g","contentUrl":"https:\/\/secure.gravatar.com\/avatar\/6e9484e608790d8761734e4ac7b1b8aa28a63b492880175edbbe11701fae9690?s=96&d=mm&r=g","caption":"Maria"},"url":"https:\/\/100playground.ro\/en\/author\/maria\/"}]}},"_links":{"self":[{"href":"https:\/\/100playground.ro\/en\/wp-json\/wp\/v2\/posts\/1631","targetHints":{"allow":["GET"]}}],"collection":[{"href":"https:\/\/100playground.ro\/en\/wp-json\/wp\/v2\/posts"}],"about":[{"href":"https:\/\/100playground.ro\/en\/wp-json\/wp\/v2\/types\/post"}],"author":[{"embeddable":true,"href":"https:\/\/100playground.ro\/en\/wp-json\/wp\/v2\/users\/1"}],"replies":[{"embeddable":true,"href":"https:\/\/100playground.ro\/en\/wp-json\/wp\/v2\/comments?post=1631"}],"version-history":[{"count":1,"href":"https:\/\/100playground.ro\/en\/wp-json\/wp\/v2\/posts\/1631\/revisions"}],"predecessor-version":[{"id":1633,"href":"https:\/\/100playground.ro\/en\/wp-json\/wp\/v2\/posts\/1631\/revisions\/1633"}],"wp:attachment":[{"href":"https:\/\/100playground.ro\/en\/wp-json\/wp\/v2\/media?parent=1631"}],"wp:term":[{"taxonomy":"category","embeddable":true,"href":"https:\/\/100playground.ro\/en\/wp-json\/wp\/v2\/categories?post=1631"},{"taxonomy":"post_tag","embeddable":true,"href":"https:\/\/100playground.ro\/en\/wp-json\/wp\/v2\/tags?post=1631"}],"curies":[{"name":"wp","href":"https:\/\/api.w.org\/{rel}","templated":true}]}}